{"id":37312,"date":"2021-03-22T09:22:42","date_gmt":"2021-03-22T12:22:42","guid":{"rendered":"https:\/\/www.radioamigavallenar.cl\/?p=37312"},"modified":"2021-03-22T09:22:42","modified_gmt":"2021-03-22T12:22:42","slug":"los-cambios-y-detalles-de-los-permisos-para-circular-en-comunas-con-cuarentena","status":"publish","type":"post","link":"https:\/\/www.radioamigavallenar.cl\/?p=37312","title":{"rendered":"Los cambios y detalles de los permisos para circular en comunas con cuarentena"},"content":{"rendered":"<p>Por ejemplo, sigue vigente la autorizaci\u00f3n para llevar insumos a un adulto mayor, pero para cuidar a uno, se debe solicitar el permiso en una comisar\u00eda territorial y presentando cierta documentaci\u00f3n.<span id=\"more-243759\"><\/span><\/p>\n<p>A m\u00e1s de un a\u00f1o del inicio de la pandemia en nuestro pa\u00eds, el sitio<a href=\"https:\/\/comisariavirtual.cl\/\" target=\"_blank\" rel=\"Follow noopener noreferrer\">\u00a0Comisar\u00eda Virtual<\/a>, ha entregado m\u00e1s de<b>\u00a0236 millones de permisos para desplazarse\u00a0<\/b>por comunas que se encuentren en cuarentena.<\/p>\n<p>En ese sentido y debido a la situaci\u00f3n cr\u00edtica que se enfrenta a nivel nacional, lo que ha llevado a m\u00e1s de 30 comunas de todo el territorio a cuarentena, el<b>\u00a0teniente Coronel Juan Vel\u00e1squez, Jefe de la Comisar\u00eda Virtual,<\/b>\u00a0explic\u00f3 cu\u00e1les son los principales cambios que se han generado en la plataforma y a qu\u00e9 deben permanecer atentos los ciudadanos.<\/p>\n<p>\u00abDurante el fin de semana tuvimos a un 45% de la poblaci\u00f3n en cuarentena, por l<b>o que tenemos considerado que el 10 o 12% de las personas que est\u00e1n en cuarentena, obtienen un permiso<\/b>\u00ab, precis\u00f3.<\/p>\n<p>Debido a lo anterior, enfatiz\u00f3 que s\u00f3lo se entregan dos autorizaciones por semana y que en las \u00ab\u00faltimas modificaciones que se efectuaron\u00a0<b>se cambiaron ciertos permisos por el de desplazamiento general\u00bb<\/b>.<\/p>\n<p>Dicho permiso, explicado por el comandante, sirve para\u00a0<b>tr\u00e1mites en el banco, compras o cualquier deber que tenga que cumplir la persona.<\/b>\u00a0S\u00f3lo dura dos horas, pero le permite moverse \u00ablibremente\u00bb.<\/p>\n<p>Respecto de los permisos para trabajar al cuidado de adultos mayores, Vel\u00e1squez explic\u00f3 que sigue vigente en la plataforma de Carabineros el de tiene relaci\u00f3n con el llevar insumos a un adulto mayor. Sin embargo, cuando una persona debe trasladarse en o hacia una comuna en confinamiento para cuidar a un adulto mayor, debe asistir a una comisar\u00eda territorial y solicitar un permiso que se extiende por una semana.<\/p>\n<p>Para dicho tr\u00e1mite se necesita llevar un contrato de trabajo y un certificado m\u00e9dico y\/o de otro \u00edndole, que acredite las razones de por qu\u00e9 dicha persona debe recibir cuidados.<\/p>\n<h2 style=\"text-align: center;\">PERMISO COLECTIVO PARA TRABAJADORES<\/h2>\n<p>Otro de los permisos que sufri\u00f3 una modificaci\u00f3n fue el de trabajo.<\/p>\n<p>El comandante de Carabineros explic\u00f3 que por un lado est\u00e1 e<b>l Permiso de desplazamiento colectivo,\u00a0<\/b>que sirve y es dado para todo el personal de salud, el que s\u00f3lo debe portar dicho documento y su credencial de salud.<\/p>\n<p>Sin embargo, el<b>\u00a0permiso \u00fanico colectivo\u00a0<\/b>se torn\u00f3 mucho m\u00e1s estricto. Ahora, el trabajador esencial debe portar su contrato de trabajo y \u00e9ste ser\u00e1 solicitado por los fiscalizadores.<\/p>\n<p>Recordar que hace algunos d\u00edas, la subsecretaria de Prevenci\u00f3n del Delito, Katherine Martorell, enfatiz\u00f3 en que \u00abel permiso \u00fanico va a establecer cu\u00e1l es la funci\u00f3n esencial que desarrolla la persona y a eso hay que acompa\u00f1ar el contrato de trabajo a un certificado del empleador que se\u00f1ale la funci\u00f3n esencial\u00bb.<\/p>\n<p>A\u00f1adi\u00f3 que \u00abhemos visto lamentablemente dos situaciones: una en que se le hacen permisos \u00fanicos colectivos a personas que no est\u00e1n vinculadas a las empresas y dos, que lamentablemente est\u00e1n trabajando personas que no son esenciales en su funci\u00f3n\u00bb.<\/p>\n","protected":false},"excerpt":{"rendered":"<p>Por ejemplo, sigue vigente la autorizaci\u00f3n para llevar insumos a un adulto mayor, pero para cuidar a uno, se debe solicitar el permiso en una&hellip; <\/p>\n","protected":false},"author":2,"featured_media":27399,"comment_status":"open","ping_status":"closed","sticky":false,"template":"","format":"standard","meta":{"footnotes":""},"categories":[37],"tags":[],"class_list":["post-37312","post","type-post","status-publish","format-standard","has-post-thumbnail","hentry","category-nacional"],"_links":{"self":[{"href":"https:\/\/www.radioamigavallenar.cl\/index.php?rest_route=\/wp\/v2\/posts\/37312","targetHints":{"allow":["GET"]}}],"collection":[{"href":"https:\/\/www.radioamigavallenar.cl\/index.php?rest_route=\/wp\/v2\/posts"}],"about":[{"href":"https:\/\/www.radioamigavallenar.cl\/index.php?rest_route=\/wp\/v2\/types\/post"}],"author":[{"embeddable":true,"href":"https:\/\/www.radioamigavallenar.cl\/index.php?rest_route=\/wp\/v2\/users\/2"}],"replies":[{"embeddable":true,"href":"https:\/\/www.radioamigavallenar.cl\/index.php?rest_route=%2Fwp%2Fv2%2Fcomments&post=37312"}],"version-history":[{"count":1,"href":"https:\/\/www.radioamigavallenar.cl\/index.php?rest_route=\/wp\/v2\/posts\/37312\/revisions"}],"predecessor-version":[{"id":37313,"href":"https:\/\/www.radioamigavallenar.cl\/index.php?rest_route=\/wp\/v2\/posts\/37312\/revisions\/37313"}],"wp:featuredmedia":[{"embeddable":true,"href":"https:\/\/www.radioamigavallenar.cl\/index.php?rest_route=\/wp\/v2\/media\/27399"}],"wp:attachment":[{"href":"https:\/\/www.radioamigavallenar.cl\/index.php?rest_route=%2Fwp%2Fv2%2Fmedia&parent=37312"}],"wp:term":[{"taxonomy":"category","embeddable":true,"href":"https:\/\/www.radioamigavallenar.cl\/index.php?rest_route=%2Fwp%2Fv2%2Fcategories&post=37312"},{"taxonomy":"post_tag","embeddable":true,"href":"https:\/\/www.radioamigavallenar.cl\/index.php?rest_route=%2Fwp%2Fv2%2Ftags&post=37312"}],"curies":[{"name":"wp","href":"https:\/\/api.w.org\/{rel}","templated":true}]}}