{"id":37310,"date":"2021-03-22T06:00:09","date_gmt":"2021-03-22T09:00:09","guid":{"rendered":"https:\/\/www.radioamigavallenar.cl\/?p=37310"},"modified":"2021-03-21T21:16:11","modified_gmt":"2021-03-22T00:16:11","slug":"en-vallenar-y-chanaral-detectan-a-16-personas-que-ingresaron-clandestinamente-al-territorio-nacional","status":"publish","type":"post","link":"https:\/\/www.radioamigavallenar.cl\/?p=37310","title":{"rendered":"En Vallenar y Cha\u00f1aral detectan a 16 personas que ingresaron clandestinamente al territorio nacional"},"content":{"rendered":"<p>Detectives de las Secciones de Migraciones y Polic\u00eda Internacional de Vallenar y Cha\u00f1aral, denunciaron a diecis\u00e9is personas, todos de nacionalidad venezolana y mayores de edad, ante la Intendencia Regional de Atacama por infracci\u00f3n al art\u00edculo 69 de la Ley de Extranjer\u00eda.<\/p>\n<p>En virtud a un operativo masivo de fiscalizaci\u00f3n realizado por detectives en las provincias que est\u00e1n en esas comunas, se control\u00f3 a 25 extranjeros, de los cuales diecis\u00e9is se encontraban con ingreso clandestino al territorio nacional.<\/p>\n<p>Por lo anterior, detectives de la PDI de Vallenar y Cha\u00f1aral, remitieron los antecedentes a la Intendencia, cuya entidad resolver\u00e1 la situaci\u00f3n migratoria de los extranjeros infractores.<\/p>\n","protected":false},"excerpt":{"rendered":"<p>Detectives de las Secciones de Migraciones y Polic\u00eda Internacional de Vallenar y Cha\u00f1aral, denunciaron a diecis\u00e9is personas, todos de nacionalidad venezolana y mayores de edad,&hellip; <\/p>\n","protected":false},"author":2,"featured_media":27370,"comment_status":"open","ping_status":"closed","sticky":false,"template":"","format":"standard","meta":{"footnotes":""},"categories":[7],"tags":[],"class_list":["post-37310","post","type-post","status-publish","format-standard","has-post-thumbnail","hentry","category-atacama"],"_links":{"self":[{"href":"https:\/\/www.radioamigavallenar.cl\/index.php?rest_route=\/wp\/v2\/posts\/37310","targetHints":{"allow":["GET"]}}],"collection":[{"href":"https:\/\/www.radioamigavallenar.cl\/index.php?rest_route=\/wp\/v2\/posts"}],"about":[{"href":"https:\/\/www.radioamigavallenar.cl\/index.php?rest_route=\/wp\/v2\/types\/post"}],"author":[{"embeddable":true,"href":"https:\/\/www.radioamigavallenar.cl\/index.php?rest_route=\/wp\/v2\/users\/2"}],"replies":[{"embeddable":true,"href":"https:\/\/www.radioamigavallenar.cl\/index.php?rest_route=%2Fwp%2Fv2%2Fcomments&post=37310"}],"version-history":[{"count":1,"href":"https:\/\/www.radioamigavallenar.cl\/index.php?rest_route=\/wp\/v2\/posts\/37310\/revisions"}],"predecessor-version":[{"id":37311,"href":"https:\/\/www.radioamigavallenar.cl\/index.php?rest_route=\/wp\/v2\/posts\/37310\/revisions\/37311"}],"wp:featuredmedia":[{"embeddable":true,"href":"https:\/\/www.radioamigavallenar.cl\/index.php?rest_route=\/wp\/v2\/media\/27370"}],"wp:attachment":[{"href":"https:\/\/www.radioamigavallenar.cl\/index.php?rest_route=%2Fwp%2Fv2%2Fmedia&parent=37310"}],"wp:term":[{"taxonomy":"category","embeddable":true,"href":"https:\/\/www.radioamigavallenar.cl\/index.php?rest_route=%2Fwp%2Fv2%2Fcategories&post=37310"},{"taxonomy":"post_tag","embeddable":true,"href":"https:\/\/www.radioamigavallenar.cl\/index.php?rest_route=%2Fwp%2Fv2%2Ftags&post=37310"}],"curies":[{"name":"wp","href":"https:\/\/api.w.org\/{rel}","templated":true}]}}