{"id":37307,"date":"2021-03-22T06:00:44","date_gmt":"2021-03-22T09:00:44","guid":{"rendered":"https:\/\/www.radioamigavallenar.cl\/?p=37307"},"modified":"2021-03-21T21:14:44","modified_gmt":"2021-03-22T00:14:44","slug":"corfo-anuncia-fondos-para-apoyar-la-reactivacion-de-pueblos-originarios","status":"publish","type":"post","link":"https:\/\/www.radioamigavallenar.cl\/?p=37307","title":{"rendered":"Corfo anuncia fondos para apoyar la reactivaci\u00f3n de pueblos originarios"},"content":{"rendered":"<p><strong>Estos subsidios tienen por objetivo aminorar los efectos de la pandemia y alcanzan los 3 millones de pesos por proyecto.<\/strong><span id=\"more-136006\"><\/span><\/p>\n<p class=\"v1MsoNormal\">En el marco de su visita a la Regi\u00f3n de Atacama, el Vicepresidente Ejecutivo de Corfo, Pablo Terrazas, anunci\u00f3 la apertura del Programa de Apoyo a la Reactivaci\u00f3n (PAR) con foco en Pueblos Originarios, cuya convocatoria est\u00e1 disponible para Atacama desde el viernes 19 de marzo a las 15 horas.<\/p>\n<p class=\"v1MsoNormal\">\u201cLa pandemia ha golpeado fuertemente a todas las pymes de nuestro pa\u00eds, y aquellas lideradas por personas que pertenecen a pueblos originarios, no han estado exentas de sus efectos. Como Corfo hemos ido focalizando los programas en distintos grupos, para poder dar m\u00e1s oportunidades a la recuperaci\u00f3n de las diversas empresas presentes a lo largo de nuestro territorio, y que as\u00ed todos podamos impulsar en conjunto la reactivaci\u00f3n, tan necesaria para volver a generar empleos y oportunidades para miles de chilenas y chilenos que hoy tienen ganas de salir adelante\u201d, se\u00f1al\u00f3 Pablo Terrazas, Vicepresidente Ejecutivo de Corfo.<\/p>\n<p class=\"v1MsoNormal\">La comunidad Diaguita Yupanky de Copiap\u00f3, fue el lugar hasta donde lleg\u00f3 el Vicepresidente Ejecutivo de Corfo para hacer este importante anuncio, acompa\u00f1ado por la diputada Sof\u00eda Cid. Tras participar de una ceremonia religiosa junto a los integrantes de la comunidad, la m\u00e1xima autoridad de Corfo pudo conocer los diversos emprendimientos que desarrollan: telares, invernaderos con hierbas medicinales, elaboraci\u00f3n de mermeladas y alimentos deshidratados, entre otros.<\/p>\n<p class=\"v1MsoNormal\">Al respecto, el Seremi de Econom\u00eda, Fomento y Turismo, Manuel Nanjar\u00ed, indic\u00f3 que \u201ccomo regi\u00f3n nos sentimos muy honrados de que el Vicepresidente de Corfo haya elegido este lugar para hacer el lanzamiento de un programa in\u00e9dito que va a permitir ir en apoyo del microemprendimiento y, adem\u00e1s de eso, dar el impulso necesario, sobre todo, en \u00e9poca de pandemia donde los emprendedores requieren con suma urgencia de apoyo. Este es parte del compromiso que ha asumido el Presidente Sebasti\u00e1n Pi\u00f1era de ir en apoyo de cada sector que ha sido afectado\u201d.<\/p>\n<p class=\"v1MsoNormal\">En tanto, la Directora Regional de Corfo Atacama, Silvia Zuleta, se\u00f1al\u00f3 que \u201ccon este programa buscamos apoyar a las micro y peque\u00f1as empresas que est\u00e9n constituidas por personas que pertenezcan a alguna comunidad de pueblos originarios en la Regi\u00f3n de Atacama. Quiero hacer un llamado para que postulen a este subsidio de 3 millones de pesos, lo cual pueden hacer 100% en l\u00ednea a trav\u00e9s de la p\u00e1gina web www.corfo.cl\u201d.<\/p>\n<p class=\"v1MsoNormal\">Karen Aravena, representante de la comunidad Diaguita Yupanqui e integrante del Consejo Nacional Diaguita, destac\u00f3 el anuncio. \u201cEstoy sumamente contenta porque de esta manera podremos seguir avanzando en conseguir nuestros proyectos y darle producci\u00f3n a lo que nosotros so\u00f1amos. Esperamos que sigan estos proyectos y el pr\u00f3ximo a\u00f1o aumenten los recursos, as\u00ed como tambi\u00e9n se pueda ver la evoluci\u00f3n de lo que se est\u00e1 haciendo con este tipo de apoyos\u201d, se\u00f1al\u00f3 la representante diaguita.<\/p>\n<p class=\"v1MsoNormal\" style=\"text-align: center;\"><b>PAR Pueblos Originarios<\/b><\/p>\n<p class=\"v1MsoNormal\">El objetivo del instrumento es apoyar a mipymes<span lang=\"ES-MX\">\u00a0constituidas por personas pertenecientes a pueblos originarios en la reactivaci\u00f3n de su actividad econ\u00f3mica o en el inicio de una distinta, recuperando y\/o mejorando su potencial productivo y su gesti\u00f3n, a trav\u00e9s de la entrega de un subsidio para financiar planes de trabajo de desarrollo de competencias y capacidades, inversi\u00f3n y\/o capital de trabajo.<\/span><\/p>\n<p class=\"v1MsoNormal\">El programa busca aminorar los efectos de la crisis sanitaria y econ\u00f3mica y, para ello, entregar\u00e1 un financiamiento de hasta $3 millones por cada proyecto.<\/p>\n<p class=\"v1MsoNormal\">Para acceder a este beneficio puesto a disposici\u00f3n por Corfo, los requisitos son:<\/p>\n<ul type=\"disc\">\n<li class=\"v1MsoNormal\"><span lang=\"ES-MX\">En caso de personas naturales, el empresario\/a individual debe acreditar calidad ind\u00edgena, seg\u00fan lo estipulado por CONADI (certificado).<\/span><\/li>\n<li class=\"v1MsoNormal\"><span lang=\"ES-MX\">En caso de personas jur\u00eddicas con fines de lucro, en cualquiera de los dos siguientes casos:<\/span><\/li>\n<\/ul>\n<p class=\"v1MsoNormal\"><span lang=\"ES-MX\">a)\u00a0\u00a0\u00a0\u00a0 Que una o m\u00e1s personas, que acredite calidad ind\u00edgena, tengan participaci\u00f3n en, al menos, un 50% del capital social.<\/span><\/p>\n<p class=\"v1MsoNormal\"><span lang=\"ES-MX\">b)\u00a0\u00a0 \u00a0\u00a0Que una o m\u00e1s personas, que acredite calidad ind\u00edgena, tengan participaci\u00f3n en, al menos, un 30% del capital social y que, adem\u00e1s, le corresponda a una o m\u00e1s personas, que acredite calidad ind\u00edgena, la representaci\u00f3n de la sociedad<\/span><\/p>\n<ul type=\"disc\">\n<li class=\"v1MsoNormal\"><span lang=\"ES-MX\">En caso de personas jur\u00eddicas sin fines de lucro u otras (por ejemplo: comunidades, corporaciones, fundaciones, cooperativas, asociaciones gremiales, entre otras):<\/span><\/li>\n<\/ul>\n<ol type=\"a\">\n<li class=\"v1MsoNormal\"><span lang=\"ES-MX\">Si su directorio (o el \u00f3rgano al que le corresponda la administraci\u00f3n), est\u00e1 integrado, al menos, en un 50%, por personas, que acrediten calidad ind\u00edgena.<\/span><\/li>\n<\/ol>\n","protected":false},"excerpt":{"rendered":"<p>Estos subsidios tienen por objetivo aminorar los efectos de la pandemia y alcanzan los 3 millones de pesos por proyecto. En el marco de su&hellip; <\/p>\n","protected":false},"author":2,"featured_media":37308,"comment_status":"open","ping_status":"closed","sticky":false,"template":"","format":"standard","meta":{"footnotes":""},"categories":[7],"tags":[],"class_list":["post-37307","post","type-post","status-publish","format-standard","has-post-thumbnail","hentry","category-atacama"],"_links":{"self":[{"href":"https:\/\/www.radioamigavallenar.cl\/index.php?rest_route=\/wp\/v2\/posts\/37307","targetHints":{"allow":["GET"]}}],"collection":[{"href":"https:\/\/www.radioamigavallenar.cl\/index.php?rest_route=\/wp\/v2\/posts"}],"about":[{"href":"https:\/\/www.radioamigavallenar.cl\/index.php?rest_route=\/wp\/v2\/types\/post"}],"author":[{"embeddable":true,"href":"https:\/\/www.radioamigavallenar.cl\/index.php?rest_route=\/wp\/v2\/users\/2"}],"replies":[{"embeddable":true,"href":"https:\/\/www.radioamigavallenar.cl\/index.php?rest_route=%2Fwp%2Fv2%2Fcomments&post=37307"}],"version-history":[{"count":1,"href":"https:\/\/www.radioamigavallenar.cl\/index.php?rest_route=\/wp\/v2\/posts\/37307\/revisions"}],"predecessor-version":[{"id":37309,"href":"https:\/\/www.radioamigavallenar.cl\/index.php?rest_route=\/wp\/v2\/posts\/37307\/revisions\/37309"}],"wp:featuredmedia":[{"embeddable":true,"href":"https:\/\/www.radioamigavallenar.cl\/index.php?rest_route=\/wp\/v2\/media\/37308"}],"wp:attachment":[{"href":"https:\/\/www.radioamigavallenar.cl\/index.php?rest_route=%2Fwp%2Fv2%2Fmedia&parent=37307"}],"wp:term":[{"taxonomy":"category","embeddable":true,"href":"https:\/\/www.radioamigavallenar.cl\/index.php?rest_route=%2Fwp%2Fv2%2Fcategories&post=37307"},{"taxonomy":"post_tag","embeddable":true,"href":"https:\/\/www.radioamigavallenar.cl\/index.php?rest_route=%2Fwp%2Fv2%2Ftags&post=37307"}],"curies":[{"name":"wp","href":"https:\/\/api.w.org\/{rel}","templated":true}]}}