{"id":37304,"date":"2021-03-22T06:00:36","date_gmt":"2021-03-22T09:00:36","guid":{"rendered":"https:\/\/www.radioamigavallenar.cl\/?p=37304"},"modified":"2021-03-21T21:13:24","modified_gmt":"2021-03-22T00:13:24","slug":"gracias-a-operativo-de-limpieza-se-retira-una-tonelada-de-basura-de-las-costas-de-chanaral-de-aceituno-y-carrizalillo","status":"publish","type":"post","link":"https:\/\/www.radioamigavallenar.cl\/?p=37304","title":{"rendered":"Gracias a operativo de limpieza se retira una tonelada de basura de las costas de Cha\u00f1aral de Aceituno y Carrizalillo"},"content":{"rendered":"<p><strong>Durante cuatro d\u00edas se trabaj\u00f3 en la recolecci\u00f3n de residuos, acci\u00f3n fundamental para lograr un buen manejo de ellos y as\u00ed prevenir da\u00f1os a oc\u00e9anos y \u00e1reas protegidas.<\/strong><\/p>\n<p><strong>La iniciativa se desarroll\u00f3 gracias a la acci\u00f3n de los propios vecinos y al programa \u201cLugar de bienestar para los Oc\u00e9anos y las Personas\u201d, liderado por la Fundaci\u00f3n de \u00c1reas Protegidas y Parque E\u00f3lico Sarco.<\/strong><span id=\"more-136022\"><\/span><\/p>\n<p>Con el prop\u00f3sito de aportar al bienestar del entorno, las personas y las \u00e1reas protegidas se realiz\u00f3 una limpieza masiva en la localidad de Carrizalillo y la costa de Cha\u00f1aral de Aceituno en la comuna de Freirina, gracias a la cual se logr\u00f3 recolectar una tonelada de basura.<\/p>\n<p>En esta iniciativa participaron los propios vecinos, operadores tur\u00edsticos del lugar, guardaparques de CONAF, entre otros, quienes durante cuatro d\u00edas estuvieron realizando trabajos de recolecci\u00f3n en lo que se llam\u00f3 el primer encuentro \u201cOc\u00e9ano de Bienestar\u201d. Esta actividad fue el inicio del \u00a0Programa de Fortalecimiento del Ecoturismo y Manejo de Residuos, impulsado por Parque E\u00f3lico Sarco y Fundaci\u00f3n \u00c1reas Protegidas, que mediante diversas actividades virtuales y presenciales busca socializar activamente una cultura de cuidado y preservaci\u00f3n del entorno mediante el adecuado manejo de residuos y turismo sostenible en las comunidades de Carrizalillo y Cha\u00f1aral de Aceituno.<\/p>\n<p>\u201cEste plan tiene como objetivo principal fortalecer las acciones orientadas en la gesti\u00f3n del ecoturismo y el manejo de residuos. Sabemos la importancia que esto tiene para las comunidades con las que trabajamos en estos sectores y que tiene directa concordancia con nuestros lineamientos de sustentabilidad como empresa\u201d, se\u00f1al\u00f3 Sim\u00f3n L\u00f3pez, Jefe de Relaciones Comunitarias de Parque E\u00f3lico Sarco.<\/p>\n<p>Andrea Pizarro, residente de Caleta Cha\u00f1aral de Aceituno, destac\u00f3 la iniciativa y se\u00f1al\u00f3 que \u201ces muy importante que como vecinos nos unamos para limpiar estos lugares y que este tipo de acciones se lleven a cabo. Tenemos que hacernos el tiempo cada d\u00eda para apoyar en mejorar todo nuestro entorno y especialmente con el problema del pl\u00e1stico en nuestra Caleta\u201d.<\/p>\n<p>Este primer encuentro \u201cOc\u00e9ano de Bienestar\u201d contempl\u00f3 la limpieza de los alrededores del poblado de Carrizalillo y el sector de Playa Larga y caleta de Cha\u00f1aral de Aceituno. Hasta ac\u00e1 lleg\u00f3 el alcalde de Freirina, C\u00e9sar Orellana, quien valor\u00f3 enormemente la iniciativa, destacando lo valioso de \u201cgenerar conciencia sobre lo importante que es mantener este lugar limpio, no s\u00f3lo por los turistas, sino por el propio cuidado de la Reserva Marina Isla Cha\u00f1aral y Reserva Nacional Ping\u00fcino de Humboldt\u201d.<\/p>\n<p>Por su parte, Mariana Del Brutto, Presidenta de Fundaci\u00f3n \u00c1reas Protegidas, afirm\u00f3 que la actividad fue un \u00e9xito por la convocatoria y destac\u00f3 la implementaci\u00f3n del plan de prevenci\u00f3n debido al contexto de pandemia, pues se aplicaron medidas de seguridad en cada etapa del proceso. Adem\u00e1s, se\u00f1al\u00f3 que \u201cse logr\u00f3 alrededor de 300 kilos en dos horas. Fue impresionante\u201d.<\/p>\n<p>El encuentro finaliz\u00f3 con una actividad dise\u00f1ada para los menores de Cha\u00f1aral de Aceituno \u2013 \u00a0quienes en el 2020 fueron nombrados \u201cPeque\u00f1os y J\u00f3venes Guardaparques\u201d de la Reserva Marina Isla Cha\u00f1aral por Fundaci\u00f3n \u00c1reas Protegidas y CONAF-, que consisti\u00f3 en una navegaci\u00f3n especial para observar la naturaleza de la reserva marina, donde se les transmiti\u00f3 la importancia de su cuidado.<\/p>\n<p>\u201cEsta actividad es un componente clave de nuestra Fundaci\u00f3n y que esperamos transmitir para que cada vez m\u00e1s ni\u00f1as y ni\u00f1os se transformen en Peque\u00f1os y J\u00f3venes Guardaparques\u201d, sentenci\u00f3 Juan Carlos Pacheco, Director Ejecutivo de Fundaci\u00f3n \u00c1reas Protegidas.<\/p>\n","protected":false},"excerpt":{"rendered":"<p>Durante cuatro d\u00edas se trabaj\u00f3 en la recolecci\u00f3n de residuos, acci\u00f3n fundamental para lograr un buen manejo de ellos y as\u00ed prevenir da\u00f1os a oc\u00e9anos&hellip; <\/p>\n","protected":false},"author":2,"featured_media":37305,"comment_status":"open","ping_status":"closed","sticky":false,"template":"","format":"standard","meta":{"footnotes":""},"categories":[7],"tags":[],"class_list":["post-37304","post","type-post","status-publish","format-standard","has-post-thumbnail","hentry","category-atacama"],"_links":{"self":[{"href":"https:\/\/www.radioamigavallenar.cl\/index.php?rest_route=\/wp\/v2\/posts\/37304","targetHints":{"allow":["GET"]}}],"collection":[{"href":"https:\/\/www.radioamigavallenar.cl\/index.php?rest_route=\/wp\/v2\/posts"}],"about":[{"href":"https:\/\/www.radioamigavallenar.cl\/index.php?rest_route=\/wp\/v2\/types\/post"}],"author":[{"embeddable":true,"href":"https:\/\/www.radioamigavallenar.cl\/index.php?rest_route=\/wp\/v2\/users\/2"}],"replies":[{"embeddable":true,"href":"https:\/\/www.radioamigavallenar.cl\/index.php?rest_route=%2Fwp%2Fv2%2Fcomments&post=37304"}],"version-history":[{"count":1,"href":"https:\/\/www.radioamigavallenar.cl\/index.php?rest_route=\/wp\/v2\/posts\/37304\/revisions"}],"predecessor-version":[{"id":37306,"href":"https:\/\/www.radioamigavallenar.cl\/index.php?rest_route=\/wp\/v2\/posts\/37304\/revisions\/37306"}],"wp:featuredmedia":[{"embeddable":true,"href":"https:\/\/www.radioamigavallenar.cl\/index.php?rest_route=\/wp\/v2\/media\/37305"}],"wp:attachment":[{"href":"https:\/\/www.radioamigavallenar.cl\/index.php?rest_route=%2Fwp%2Fv2%2Fmedia&parent=37304"}],"wp:term":[{"taxonomy":"category","embeddable":true,"href":"https:\/\/www.radioamigavallenar.cl\/index.php?rest_route=%2Fwp%2Fv2%2Fcategories&post=37304"},{"taxonomy":"post_tag","embeddable":true,"href":"https:\/\/www.radioamigavallenar.cl\/index.php?rest_route=%2Fwp%2Fv2%2Ftags&post=37304"}],"curies":[{"name":"wp","href":"https:\/\/api.w.org\/{rel}","templated":true}]}}