{"id":37301,"date":"2021-03-22T06:00:07","date_gmt":"2021-03-22T09:00:07","guid":{"rendered":"https:\/\/www.radioamigavallenar.cl\/?p=37301"},"modified":"2021-03-21T21:11:50","modified_gmt":"2021-03-22T00:11:50","slug":"scm-carola-fue-acreditada-por-cumplir-100-de-los-protocolos-preventivos-contra-el-covid-19","status":"publish","type":"post","link":"https:\/\/www.radioamigavallenar.cl\/?p=37301","title":{"rendered":"SCM Carola fue acreditada por cumplir 100% de los protocolos preventivos contra el Covid-19"},"content":{"rendered":"<p>Por cumplir el 100 por ciento de los Protocolos Preventivos Covid-19, la Sociedad Contractual Minera Carola, con operaciones mineras en la comuna de Tierra Amarilla, distante a 20 kil\u00f3metros al sureste de la ciudad de Copiap\u00f3 en la Regi\u00f3n de Atacama, recibi\u00f3 la certificaci\u00f3n de acreditaci\u00f3n por parte de\u00a0 la Mutual de Seguridad de la C\u00e1mara Chilena de la Construcci\u00f3n.<\/p>\n<p>Estuvieron acompa\u00f1ando a V\u00edctor Hugo \u00c1lvarez, Gerente General de la Compa\u00f1\u00eda; Francisco Bustamante, Superintendente de Ingenier\u00eda y Presidente del Comit\u00e9 Paritario; Jen Mart\u00ednez Olivares, Presidente del Sindicato \u00danico de Trabajadores de Scm Carola; Juan Pardo D\u00edaz, Superintendente de Prevenci\u00f3n de Riesgos Scm Carola y Manuel R\u00edos, Secretario del Comit\u00e9 Paritario.<\/p>\n<p>SCM Carola, es la primera empresa socia de la mencionada entidad en recibir esta importante acreditaci\u00f3n, la cual fue recibida por el Gerente General, V\u00edctor Hugo \u00c1valos, de manos del Gerente Regional de la Mutual, Juan Carlos N\u00fanez, quien se\u00f1al\u00f3 que la distinci\u00f3n tiene que ver con una evaluaci\u00f3n que desarroll\u00f3 la Mutual entre todas sus empresas adheridas y, que consisti\u00f3 a trav\u00e9s de un acabado estudio y an\u00e1lisis, comprobar que las empresas cumplieran con las gu\u00edas t\u00e9cnicas y los est\u00e1ndares establecidos para prevenir el Covid-19 entre sus trabajadores. \u201cNo ha sido un logro f\u00e1cil, recalc\u00f3 N\u00fa\u00f1ez, sino m\u00e1s bien complejo para todos, porque el Covid no es un problema de la empresa sino que es una crisis de salud mundial. Con Minera Carola y todos nuestros afiliados, estamos permanentemente presente en forma\u00a0 telem\u00e1tica y presencial para entregar las asesor\u00edas en forma oportuna; m\u00e1s a\u00fan que estamos frente a un enemigo invisible que hace que todo lo que se planifique hoy, respecto a gu\u00edas y protocolos, cambie repentinamente ma\u00f1ana; de manera que es algo continuo, programado y planificado, de all\u00ed este gran \u00e9xito en cuanto a resultados y que ponemos de ejemplo para que otras empresas de Atacama sigan la misma senda\u201d.<\/p>\n<p>Por su parte, V\u00edctor Hugo \u00c1lvarez, Gerente General, al recepcionar la acreditaci\u00f3n, explic\u00f3 que el Directorio de la Compa\u00f1\u00eda, la plana ejecutiva y sus trabajadores sienten orgullo por la labor bien hecha \u201cDesde el primer momento en que se supo de la presencia del Covid en Chile y particularmente en la regi\u00f3n, la Compa\u00f1\u00eda y, por especial encargo de nuestro Directorio que preside don Segundo G\u00f3mez Pacheco; la Superintendencia de Prevenci\u00f3n de Riesgos, las organizaciones sindicales y los Comit\u00e9s Paritarios nos pusimos a trabajar sin descanso alguno. No hemos escatimado ning\u00fan esfuerzo y menos recursos econ\u00f3micos para proteger la salud de los trabajadores, sus familias y tambi\u00e9n hemos ido en ayuda de muchas familias de la comuna de Tierra Amarilla\u201d.<\/p>\n<p>Indic\u00f3 que el Grupo Minero, conformado por Mina Carola y la Planta Coemin, suman alrededor de mil trabajadores propios. \u201cNuestra Presidencia est\u00e1 muy satisfecha y orgullosa por ser una de las primeras compa\u00f1\u00edas en lograr esta certificaci\u00f3n, lo que nos insta a redoblar los esfuerzos desplegados hasta hoy\u201d.<\/p>\n<p>Jen Martinez Olivares. operador y Presidente del Sindicato \u00danico de Trabajadores de Scm Carola-Coemin, explic\u00f3 que desde los inicios de la pandemia, en Marzo de 2020, recibieron el apoyo, el respaldo y orientaci\u00f3n de la Compa\u00f1\u00eda en c\u00f3mo hacer las cosas bien, con los debidos resguardos protocolares y, por ende tambi\u00e9n nuestra relaci\u00f3n en casa con la familia. \u201cNo ha sido tarea f\u00e1cil, porque el comportamiento humano es diferente de uno a otro y con variables criterios; no obstante, se tom\u00f3 conciencia de que \u00a0est\u00e1bamos frente a un problema mayor en el que deb\u00edamos protegernos y cuidarnos entre todos En ese sentido, debo reconocer que la Compa\u00f1\u00eda ha respondido con cada uno de sus trabajadores y grupo familiar dando primeramente tranquilidad, respaldo y apoyo en el m\u00e1s amplio sentido de la palabra y eso se agradece; de all\u00ed tambi\u00e9n, esta acreditaci\u00f3n que nos llena de orgullo porque es el logro de todos, desde el Directorio hasta el \u00faltimo trabajador. Ahora, cuando se anuncia un rebrote de Covid es cuando m\u00e1s debemos seguir trabajando y cuid\u00e1ndonos\u201d, concluy\u00f3 el l\u00edder sindical.<\/p>\n","protected":false},"excerpt":{"rendered":"<p>Por cumplir el 100 por ciento de los Protocolos Preventivos Covid-19, la Sociedad Contractual Minera Carola, con operaciones mineras en la comuna de Tierra Amarilla,&hellip; <\/p>\n","protected":false},"author":2,"featured_media":37302,"comment_status":"open","ping_status":"closed","sticky":false,"template":"","format":"standard","meta":{"footnotes":""},"categories":[38],"tags":[],"class_list":["post-37301","post","type-post","status-publish","format-standard","has-post-thumbnail","hentry","category-portada-regional"],"_links":{"self":[{"href":"https:\/\/www.radioamigavallenar.cl\/index.php?rest_route=\/wp\/v2\/posts\/37301","targetHints":{"allow":["GET"]}}],"collection":[{"href":"https:\/\/www.radioamigavallenar.cl\/index.php?rest_route=\/wp\/v2\/posts"}],"about":[{"href":"https:\/\/www.radioamigavallenar.cl\/index.php?rest_route=\/wp\/v2\/types\/post"}],"author":[{"embeddable":true,"href":"https:\/\/www.radioamigavallenar.cl\/index.php?rest_route=\/wp\/v2\/users\/2"}],"replies":[{"embeddable":true,"href":"https:\/\/www.radioamigavallenar.cl\/index.php?rest_route=%2Fwp%2Fv2%2Fcomments&post=37301"}],"version-history":[{"count":1,"href":"https:\/\/www.radioamigavallenar.cl\/index.php?rest_route=\/wp\/v2\/posts\/37301\/revisions"}],"predecessor-version":[{"id":37303,"href":"https:\/\/www.radioamigavallenar.cl\/index.php?rest_route=\/wp\/v2\/posts\/37301\/revisions\/37303"}],"wp:featuredmedia":[{"embeddable":true,"href":"https:\/\/www.radioamigavallenar.cl\/index.php?rest_route=\/wp\/v2\/media\/37302"}],"wp:attachment":[{"href":"https:\/\/www.radioamigavallenar.cl\/index.php?rest_route=%2Fwp%2Fv2%2Fmedia&parent=37301"}],"wp:term":[{"taxonomy":"category","embeddable":true,"href":"https:\/\/www.radioamigavallenar.cl\/index.php?rest_route=%2Fwp%2Fv2%2Fcategories&post=37301"},{"taxonomy":"post_tag","embeddable":true,"href":"https:\/\/www.radioamigavallenar.cl\/index.php?rest_route=%2Fwp%2Fv2%2Ftags&post=37301"}],"curies":[{"name":"wp","href":"https:\/\/api.w.org\/{rel}","templated":true}]}}