{"id":37296,"date":"2021-03-22T06:00:14","date_gmt":"2021-03-22T09:00:14","guid":{"rendered":"https:\/\/www.radioamigavallenar.cl\/?p=37296"},"modified":"2021-03-21T21:08:15","modified_gmt":"2021-03-22T00:08:15","slug":"realizan-vacunacion-al-personal-y-poblacion-penal-de-gendarmeria-atacama","status":"publish","type":"post","link":"https:\/\/www.radioamigavallenar.cl\/?p=37296","title":{"rendered":"Realizan vacunaci\u00f3n al personal y poblaci\u00f3n penal de gendarmer\u00eda Atacama"},"content":{"rendered":"<p><strong>Gracias a la gesti\u00f3n del Servicio de Salud Atacama y Gendarmer\u00eda de Chile, El 94, 5% \u00a0de la poblaci\u00f3n penal de Copiap\u00f3 y un 61,8% de los funcionarios de la regi\u00f3n de Atacama se encuentran inoculados con la primera dosis de la vacuna. \u00a0<\/strong><span id=\"more-243582\"><\/span><\/p>\n<p>En un exitoso proceso de inoculaci\u00f3n llevado a cabo en la regi\u00f3n de Atacama y siguiendo con el plan nacional de vacunaci\u00f3n contra el Covid-19, implementado por el Ministerio de salud, se han vacunado 309 funcionarios de un total de 500 de la Regi\u00f3n de Atacama y 372 internos\/as de un total de 407 reos \u00a0de la unidad penal de Copiap\u00f3.<\/p>\n<p>Al respecto el Director Regional, coronel V\u00edctor Vera Bustos, dijo que, \u201cel proceso de\u00a0 vacunaci\u00f3n oficial comenz\u00f3 este jueves 19 de marzo en el Centro de Cumplimiento Penitenciario de Copiap\u00f3, donde profesionales del Servicio de Salud Atacama entregaron \u00a0407 vacunas, destinadas a la poblaci\u00f3n penal de Copiap\u00f3 y funcionarios, proceso que continuar\u00e1 con el personal e internos\/as de las unidades penales de Vallenar y Cha\u00f1aral los d\u00edas 22 y 23 de marzo\u201d.<\/p>\n<p>\u201cEs muy importante que todo nuestro personal y que la poblaci\u00f3n penal se inocule y que se cumpla la continuidad de esta campa\u00f1a, con la finalidad de protegernos y de proteger al resto de las personas que nos rodean, si bien en Atacama este proceso ha sido exitoso y tenemos a la mayor parte de los funcionarios y poblaci\u00f3n penal vacunados, debemos continuar con las medidas de higiene y el autocuidado, realizando los esfuerzos necesarios para prevenir los contagios\u201d, enfatiz\u00f3 el coronel Vera.<\/p>\n<p>El proceso de vacunaci\u00f3n es progresivo, y hasta la fecha hay alrededor de 6 millones de personas inoculadas, a nivel nacional, el llamado de la autoridad sanitaria es seguir respetando las normas b\u00e1sicas de autocuidado: uso correcto de la mascarilla (cubriendo nariz y boca) lavado frecuente de manos y distanciamiento f\u00edsico.<\/p>\n","protected":false},"excerpt":{"rendered":"<p>Gracias a la gesti\u00f3n del Servicio de Salud Atacama y Gendarmer\u00eda de Chile, El 94, 5% \u00a0de la poblaci\u00f3n penal de Copiap\u00f3 y un 61,8%&hellip; <\/p>\n","protected":false},"author":2,"featured_media":37297,"comment_status":"open","ping_status":"closed","sticky":false,"template":"","format":"standard","meta":{"footnotes":""},"categories":[7],"tags":[],"class_list":["post-37296","post","type-post","status-publish","format-standard","has-post-thumbnail","hentry","category-atacama"],"_links":{"self":[{"href":"https:\/\/www.radioamigavallenar.cl\/index.php?rest_route=\/wp\/v2\/posts\/37296","targetHints":{"allow":["GET"]}}],"collection":[{"href":"https:\/\/www.radioamigavallenar.cl\/index.php?rest_route=\/wp\/v2\/posts"}],"about":[{"href":"https:\/\/www.radioamigavallenar.cl\/index.php?rest_route=\/wp\/v2\/types\/post"}],"author":[{"embeddable":true,"href":"https:\/\/www.radioamigavallenar.cl\/index.php?rest_route=\/wp\/v2\/users\/2"}],"replies":[{"embeddable":true,"href":"https:\/\/www.radioamigavallenar.cl\/index.php?rest_route=%2Fwp%2Fv2%2Fcomments&post=37296"}],"version-history":[{"count":1,"href":"https:\/\/www.radioamigavallenar.cl\/index.php?rest_route=\/wp\/v2\/posts\/37296\/revisions"}],"predecessor-version":[{"id":37298,"href":"https:\/\/www.radioamigavallenar.cl\/index.php?rest_route=\/wp\/v2\/posts\/37296\/revisions\/37298"}],"wp:featuredmedia":[{"embeddable":true,"href":"https:\/\/www.radioamigavallenar.cl\/index.php?rest_route=\/wp\/v2\/media\/37297"}],"wp:attachment":[{"href":"https:\/\/www.radioamigavallenar.cl\/index.php?rest_route=%2Fwp%2Fv2%2Fmedia&parent=37296"}],"wp:term":[{"taxonomy":"category","embeddable":true,"href":"https:\/\/www.radioamigavallenar.cl\/index.php?rest_route=%2Fwp%2Fv2%2Fcategories&post=37296"},{"taxonomy":"post_tag","embeddable":true,"href":"https:\/\/www.radioamigavallenar.cl\/index.php?rest_route=%2Fwp%2Fv2%2Ftags&post=37296"}],"curies":[{"name":"wp","href":"https:\/\/api.w.org\/{rel}","templated":true}]}}