{"id":37293,"date":"2021-03-22T06:00:51","date_gmt":"2021-03-22T09:00:51","guid":{"rendered":"https:\/\/www.radioamigavallenar.cl\/?p=37293"},"modified":"2021-03-21T21:06:47","modified_gmt":"2021-03-22T00:06:47","slug":"abogada-insta-a-candidaturas-a-llegar-con-propuestas-a-las-tomas-ferias-y-sectores-rurales-de-atacama","status":"publish","type":"post","link":"https:\/\/www.radioamigavallenar.cl\/?p=37293","title":{"rendered":"Abogada insta a candidaturas a llegar con propuestas a las tomas, ferias y sectores rurales de Atacama"},"content":{"rendered":"<p><strong>En la oportunidad tambi\u00e9n aprovech\u00f3 de exponer sus premisas sobre derechos sociales, Fuerzas Armadas, descentralizaci\u00f3n y diversidad.<\/strong><span id=\"more-243678\"><\/span><\/p>\n<p>\u00abHay lugares en la regi\u00f3n de Atacama donde a\u00fan no llega el internet, el pavimento y el agua, como tambi\u00e9n hay lugares donde aun no llega la educaci\u00f3n c\u00edvica\u00bb. Con estas palabras, la candidata a constituyente por Atacama, Mar\u00eda Francisca Plaza Velis, hizo un llamado con sentido republicano a todos(as) los(as) candidatos(as) para que lleguen con sus propuestas a sectores rurales, a las ferias,\u00a0 sectores m\u00e1s vulnerables y a las tomas de la regi\u00f3n.<\/p>\n<p>\u00abHay muchas personas a las que hemos capacitado en la regi\u00f3n referente al proceso constituyente de Chile. Tristemente hemos percibido como muchos adultos a\u00fan no conocen siquiera que es una Constituci\u00f3n. Tras cada capacitaci\u00f3n, es gratificante ver el rostro de los vecinos y vecinas. El objetivo de este llamado es a aprovechar este proceso electoral, no solo para obtener votos, sino para algo m\u00e1s sublime e importante, que es ense\u00f1ar y promover la educaci\u00f3n c\u00edvica. Al menos mi equipo la tiene clara y nosotros queremos que la gente vote informada y con total sentido de la responsabilidad, sino de nada vale haber realizado tantos esfuerzos para redactar la Nueva Carta Magna. Ojal\u00e1 todos los candidatos lleguen a las tomas, a los sectores rurales y las ferias. No dudo que ser\u00e1 as\u00ed y aquellos que ya lo han hecho (\u2026) mis felicitaciones, insisto, con mucho sentido republicano\u00bb, agreg\u00f3 la candidata.<\/p>\n<p>La abogada oriunda de San F\u00e9lix, Alto del Carmen, inici\u00f3 su campa\u00f1a con capacitaciones virtuales, en las tomas de Copiap\u00f3, en las ferias de Vallenar y en los sectores rurales de Alto del Carmen.<\/p>\n<p>Plaza Velis argument\u00f3 que \u00abYo vot\u00e9 apruebo y eso me vali\u00f3 el rechazo de muchos y muchas en mi sector. Ahora sigo adelante con mis convicciones y como lo he dicho en m\u00faltiples entrevistas, creo profundamente que la Nueva Constituci\u00f3n no debe ni de izquierda ni de derecha, sino de un \u2018Solo Chile\u2019. De ese Chile que anhela pol\u00edticos responsables, sin tanta promesa, y que anhela m\u00e1s justicia, mas equidad, mas solidaridad, m\u00e1s integraci\u00f3n y por cierto, m\u00e1s desarrollo. Yo reafirmo mi compromiso y no dudar\u00e9 en expresar que mi candidatura es la de los acuerdos, la de la unidad, la de no mirar al de al frente como un enemigo, sino como un aliado para hacer de Chile y Atacama un mejor territorio\u00bb.<\/p>\n<p style=\"text-align: center;\"><strong>ALGUNAS PROPUESTAS<\/strong><\/p>\n<p>Diversidad<\/p>\n<p>\u00abEn t\u00e9rminos de diversidad,\u00a0 debemos tener claro que la noci\u00f3n de igualdad ante la ley y no discriminaci\u00f3n arbitraria, debe perfeccionarse y enriquecerse para promover la inclusi\u00f3n, la tolerancia y el respeto por la diversidad. Es fundamental el reconocimiento constitucional de los pueblos originarios\u00bb, afirm\u00f3 Plaza Velis.<\/p>\n<p>Descentralizaci\u00f3n<\/p>\n<p>\u00abLa Nueva Constituci\u00f3n es la oportunidad que tenemos para dar un nuevo impulso a la descentralizaci\u00f3n. Debemos fortalecer las entidades regionales y locales, acercar el Estado a la ciudadan\u00eda y avanzar en un desarrollo territorial equitativo\u00bb, argument\u00f3 la abogada.<\/p>\n<p>Derechos Sociales y Fuerzas Armadas<\/p>\n<p>\u00abNuestro Estado, de manera responsable, debe asegurar un conjunto de derechos sociales en materia de salud, integraci\u00f3n, previsi\u00f3n, educaci\u00f3n y vivienda que permita a cada ciudadano(a) contar con las garant\u00edas esenciales para una vida digna. En la Nueva Constituci\u00f3n trabajaremos para que esto no solo sean palabras, sino una realidad. As\u00ed mismo, en la Nueva Constituci\u00f3n, las Fuerzas Armadas y de \u00d3rden y Seguridad deber\u00e1n establecer su car\u00e1cter profesional, jerarquizado y disciplinado y su obligaci\u00f3n de mantener siempre un respeto irrestricto por los derechos humanos\u00bb, agreg\u00f3 la candidata.<\/p>\n<p style=\"text-align: center;\"><strong>Nuevo Estado<\/strong><\/p>\n<p>\u00abEn la Nueva Constituci\u00f3n, donde consagraremos la construcci\u00f3n de un nuevo y mejor Estado, por cierto que incorporaremos un principio de igualdad y no discriminaci\u00f3n de trato entre los trabajadores del sector p\u00fablico y privado; la creaci\u00f3n por ley de un nuevo Estatuto del Empleo P\u00fablico, en base a est\u00e1ndares de integridad, neutralidad pol\u00edtica, servicialidad, eficiencia, colaboraci\u00f3n y excelencia y de una Comisi\u00f3n Asesora Presidencial para la Designaci\u00f3n de Altas Autoridades y la Modernizaci\u00f3n del Estado. La Patria as\u00ed lo demanda y nuestros ciudadanos merecen un Estado m\u00e1s proactivo y eficiente\u00bb, concluy\u00f3 Mar\u00eda Francisca Plaza.<\/p>\n","protected":false},"excerpt":{"rendered":"<p>En la oportunidad tambi\u00e9n aprovech\u00f3 de exponer sus premisas sobre derechos sociales, Fuerzas Armadas, descentralizaci\u00f3n y diversidad. \u00abHay lugares en la regi\u00f3n de Atacama donde&hellip; <\/p>\n","protected":false},"author":2,"featured_media":37294,"comment_status":"open","ping_status":"closed","sticky":false,"template":"","format":"standard","meta":{"footnotes":""},"categories":[7],"tags":[],"class_list":["post-37293","post","type-post","status-publish","format-standard","has-post-thumbnail","hentry","category-atacama"],"_links":{"self":[{"href":"https:\/\/www.radioamigavallenar.cl\/index.php?rest_route=\/wp\/v2\/posts\/37293","targetHints":{"allow":["GET"]}}],"collection":[{"href":"https:\/\/www.radioamigavallenar.cl\/index.php?rest_route=\/wp\/v2\/posts"}],"about":[{"href":"https:\/\/www.radioamigavallenar.cl\/index.php?rest_route=\/wp\/v2\/types\/post"}],"author":[{"embeddable":true,"href":"https:\/\/www.radioamigavallenar.cl\/index.php?rest_route=\/wp\/v2\/users\/2"}],"replies":[{"embeddable":true,"href":"https:\/\/www.radioamigavallenar.cl\/index.php?rest_route=%2Fwp%2Fv2%2Fcomments&post=37293"}],"version-history":[{"count":1,"href":"https:\/\/www.radioamigavallenar.cl\/index.php?rest_route=\/wp\/v2\/posts\/37293\/revisions"}],"predecessor-version":[{"id":37295,"href":"https:\/\/www.radioamigavallenar.cl\/index.php?rest_route=\/wp\/v2\/posts\/37293\/revisions\/37295"}],"wp:featuredmedia":[{"embeddable":true,"href":"https:\/\/www.radioamigavallenar.cl\/index.php?rest_route=\/wp\/v2\/media\/37294"}],"wp:attachment":[{"href":"https:\/\/www.radioamigavallenar.cl\/index.php?rest_route=%2Fwp%2Fv2%2Fmedia&parent=37293"}],"wp:term":[{"taxonomy":"category","embeddable":true,"href":"https:\/\/www.radioamigavallenar.cl\/index.php?rest_route=%2Fwp%2Fv2%2Fcategories&post=37293"},{"taxonomy":"post_tag","embeddable":true,"href":"https:\/\/www.radioamigavallenar.cl\/index.php?rest_route=%2Fwp%2Fv2%2Ftags&post=37293"}],"curies":[{"name":"wp","href":"https:\/\/api.w.org\/{rel}","templated":true}]}}