{"id":37290,"date":"2021-03-22T06:00:17","date_gmt":"2021-03-22T09:00:17","guid":{"rendered":"https:\/\/www.radioamigavallenar.cl\/?p=37290"},"modified":"2021-03-21T21:05:42","modified_gmt":"2021-03-22T00:05:42","slug":"llaman-a-organizaciones-de-atacama-a-postular-al-fondo-social-presidente-de-la-republica","status":"publish","type":"post","link":"https:\/\/www.radioamigavallenar.cl\/?p=37290","title":{"rendered":"Llaman a organizaciones de Atacama a postular al Fondo Social Presidente de la Rep\u00fablica"},"content":{"rendered":"<p>El Intendente Patricio Urquieta insta a las organizaciones sociales de la regi\u00f3n a que postulen sus proyectos de car\u00e1cter social en equipamiento, implementaci\u00f3n e infraestructura comunitaria<\/p>\n<p>Representantes de organizaciones sociales de Copiap\u00f3 participaron de capacitaci\u00f3n sobre el Fondo Social Presidente de la Rep\u00fablica que entrega financiamiento de proyectos sociales. En dicha difusi\u00f3n particip\u00f3 el Intendente de Atacama Patricio Urquieta, quien hizo un llamado a las organizaciones de la regi\u00f3n a que postulen a esta iniciativa que busca apoyar y complementar las pol\u00edticas de inversi\u00f3n social del Estado.<\/p>\n<p>El Fondo Social se implementa en dos modalidades: la primera son Fondos Desconcentrados (FONDES), que est\u00e1 destinado a financiar proyectos que se tramitan ante Gobernaciones Provinciales o Intendencias Regionales y que son postulados por \u00e9stas ante el Fondo Social quien eval\u00faa y aprueba, y la fecha de postulaci\u00f3n es hasta el 30 de abril del 2021. La segunda modalidad es el Fondo Nacional que se tramita, eval\u00faa y aprueba a nivel central, y cuya postulaci\u00f3n es hasta el 28 de mayo del presente a\u00f1o.<\/p>\n<p>Al respecto, el Intendente Urquieta manifest\u00f3 que \u201ccomo Gobierno valoramos el rol de los dirigentes sociales y la importante labor que desarrollan en beneficio de la comunidad, por eso queremos contribuir y dar continuidad a su labor a trav\u00e9s de estos fondos, en un espacio de voluntad y confianza, para seguir construyendo y fortaleciendo el tejido social de nuestra regi\u00f3n\u201d.<\/p>\n<p>Agrega que \u201cqueremos entregar mayores herramientas para que la personas puedan desarrollar proyectos en conjunto, con una l\u00f3gica social y comunitaria, que permita abrir nuevos espacios para que las familias de Atacama tengan una vida m\u00e1s plena\u201d.<\/p>\n<p>Las \u00e1reas prioritarias de inversi\u00f3n del Fondo Social es el fomento de la vida comunitaria y creaci\u00f3n de tejido social, acci\u00f3n social y fomento productivo. Pueden postular organizaciones p\u00fablicas y privadas sin fines de lucro, con personalidad jur\u00eddica vigente que no fueron beneficiadas en el proceso anterior. De acuerdo con las caracter\u00edsticas de cada \u00e1rea de inversi\u00f3n, pueden postular las juntas de vecinos, clubes de adulto mayor, centros de padres, corporaciones, fundaciones, centros asistenciales, asociaciones de pescadores, artesanos, peque\u00f1os productores agropecuarios, y otras organizaciones sociales.<\/p>\n<p>Para este a\u00f1o, el Fondo Social contempla tres l\u00edneas de financiamiento: equipamiento comunitario, implementaci\u00f3n comunitaria e infraestructura. Estos montos de financiamiento van desde los 300 mil pesos hasta 1 mill\u00f3n 500 mil pesos en el primer caso; hasta un mill\u00f3n en el segundo; y hasta 40 millones en el tercer caso, respectivamente.<\/p>\n<p>Para postular al FONDES, las organizaciones deben acercarse al departamento social de Intendencia de Atacama para tener orientaci\u00f3n y asesor\u00eda para postular. Mientras que para el Fondo Nacional, para el que tambi\u00e9n pueden acercarse a Intendencia, pueden postular directamente con Clave \u00danica en el sitio web: https:\/\/fspr.interior.gob.cl.<\/p>\n","protected":false},"excerpt":{"rendered":"<p>El Intendente Patricio Urquieta insta a las organizaciones sociales de la regi\u00f3n a que postulen sus proyectos de car\u00e1cter social en equipamiento, implementaci\u00f3n e infraestructura&hellip; <\/p>\n","protected":false},"author":2,"featured_media":37291,"comment_status":"open","ping_status":"closed","sticky":false,"template":"","format":"standard","meta":{"footnotes":""},"categories":[7],"tags":[],"class_list":["post-37290","post","type-post","status-publish","format-standard","has-post-thumbnail","hentry","category-atacama"],"_links":{"self":[{"href":"https:\/\/www.radioamigavallenar.cl\/index.php?rest_route=\/wp\/v2\/posts\/37290","targetHints":{"allow":["GET"]}}],"collection":[{"href":"https:\/\/www.radioamigavallenar.cl\/index.php?rest_route=\/wp\/v2\/posts"}],"about":[{"href":"https:\/\/www.radioamigavallenar.cl\/index.php?rest_route=\/wp\/v2\/types\/post"}],"author":[{"embeddable":true,"href":"https:\/\/www.radioamigavallenar.cl\/index.php?rest_route=\/wp\/v2\/users\/2"}],"replies":[{"embeddable":true,"href":"https:\/\/www.radioamigavallenar.cl\/index.php?rest_route=%2Fwp%2Fv2%2Fcomments&post=37290"}],"version-history":[{"count":1,"href":"https:\/\/www.radioamigavallenar.cl\/index.php?rest_route=\/wp\/v2\/posts\/37290\/revisions"}],"predecessor-version":[{"id":37292,"href":"https:\/\/www.radioamigavallenar.cl\/index.php?rest_route=\/wp\/v2\/posts\/37290\/revisions\/37292"}],"wp:featuredmedia":[{"embeddable":true,"href":"https:\/\/www.radioamigavallenar.cl\/index.php?rest_route=\/wp\/v2\/media\/37291"}],"wp:attachment":[{"href":"https:\/\/www.radioamigavallenar.cl\/index.php?rest_route=%2Fwp%2Fv2%2Fmedia&parent=37290"}],"wp:term":[{"taxonomy":"category","embeddable":true,"href":"https:\/\/www.radioamigavallenar.cl\/index.php?rest_route=%2Fwp%2Fv2%2Fcategories&post=37290"},{"taxonomy":"post_tag","embeddable":true,"href":"https:\/\/www.radioamigavallenar.cl\/index.php?rest_route=%2Fwp%2Fv2%2Ftags&post=37290"}],"curies":[{"name":"wp","href":"https:\/\/api.w.org\/{rel}","templated":true}]}}