{"id":3696,"date":"2017-01-22T00:52:51","date_gmt":"2017-01-22T03:52:51","guid":{"rendered":"http:\/\/www.radioamigavallenar.cl\/?p=3696"},"modified":"2017-01-22T00:52:51","modified_gmt":"2017-01-22T03:52:51","slug":"audio-conozca-aca-las-diferentes-actividades-deportivas-y-recreativas-que-tiene-para-este-verano-vallenar","status":"publish","type":"post","link":"https:\/\/www.radioamigavallenar.cl\/?p=3696","title":{"rendered":"(AUDIO) Conozca ac\u00e1 las diferentes actividades deportivas y recreativas que tiene para este verano Vallenar"},"content":{"rendered":"<p style=\"text-align: justify;\"><a href=\"http:\/\/www.radioamigavallenar.cl\/wp-content\/uploads\/2017\/01\/Referenciales-actividades-de-Verano-2016-2.jpg\"><img loading=\"lazy\" decoding=\"async\" class=\" size-medium wp-image-3697 aligncenter\" src=\"http:\/\/www.radioamigavallenar.cl\/wp-content\/uploads\/2017\/01\/Referenciales-actividades-de-Verano-2016-2-300x225.jpg\" alt=\"Referenciales actividades de Verano 2016 (2)\" width=\"300\" height=\"225\" srcset=\"https:\/\/www.radioamigavallenar.cl\/wp-content\/uploads\/2017\/01\/Referenciales-actividades-de-Verano-2016-2-300x225.jpg 300w, https:\/\/www.radioamigavallenar.cl\/wp-content\/uploads\/2017\/01\/Referenciales-actividades-de-Verano-2016-2.jpg 700w\" sizes=\"auto, (max-width: 300px) 100vw, 300px\" \/><\/a><\/p>\n<p style=\"text-align: justify;\">Diferentes actividades recreativas, deportivas y culturales, se realizar\u00e1n durante este verano 2017 en la capital provincial del Huasco, las cuales comienzan este s\u00e1bado 21, con el Encuentro \u201cLa Cultura del Hip Hop\u201d que se realizar\u00e1 desde las 15:30 horas, en el Centro Cultural de Vallenar.<\/p>\n<p style=\"text-align: justify;\">\u201cNuestra autoridad, el alcalde Cristian Tapia, preocupado siempre del quehacer comunal, instruy\u00f3 a cada uno de los departamentos que gener\u00e1ramos una propuesta para la gente que se queda, porque hay gente que no sale a veranear y la Municipalidad hoy en d\u00eda tiene una propuesta atractiva para los j\u00f3venes, para los ni\u00f1os pero tambi\u00e9n para los adultos, que de alguna otra forma van a venir refrendar y a generar un verano mucho m\u00e1s alegre, m\u00e1s feliz y que se puedan divertir en su sector, acercando la diversi\u00f3n a cada uno de los sectores poblacionales\u201d, coment\u00f3 el alcalde (s) de Vallenar, Jorge Villalobos Rodr\u00edguez.<\/p>\n<audio class=\"wp-audio-shortcode\" id=\"audio-3696-1\" preload=\"none\" style=\"width: 100%;\" controls=\"controls\"><source type=\"audio\/mpeg\" src=\"http:\/\/www.radioamigavallenar.cl\/wp-content\/uploads\/2017\/01\/Cu\u00f1a-Jorge-Villalobos-actividades-de-Verano.mp3?_=1\" \/><a href=\"http:\/\/www.radioamigavallenar.cl\/wp-content\/uploads\/2017\/01\/Cu\u00f1a-Jorge-Villalobos-actividades-de-Verano.mp3\">http:\/\/www.radioamigavallenar.cl\/wp-content\/uploads\/2017\/01\/Cu\u00f1a-Jorge-Villalobos-actividades-de-Verano.mp3<\/a><\/audio>\n<p style=\"text-align: justify;\"><strong>ACTIVIDADES DEPORTIVAS<\/strong><\/p>\n<p style=\"text-align: justify;\">Las actividades deportivas comienzan este 23 de enero con el Gigante del Baby F\u00fatbol, el cual se realizar\u00e1 desde las 19:00 horas en el Estadio Techado Municipal Honorio Mieres Neira. El Gigante del Baby F\u00fatbol se extender\u00e1 hasta el 16 de febrero en el recinto deportivo ubicado a un costado de Avenida Brasil con Sargento Aldea.<\/p>\n<p style=\"text-align: justify;\">El pr\u00f3ximo 27 de enero, se realizar\u00e1 en el Polideportivo Vallenar, el Encuentro Deportivo de la Discapacidad desde las 16:00 horas. Y desde el 1 al 3 de febrero, en el mismo recinto deportivo, los fan\u00e1ticos del baloncesto podr\u00e1n participar en el Campeonato de B\u00e1squetbol, desde las 19:00 horas.<\/p>\n<p style=\"text-align: justify;\"><strong>CULTURA Y M\u00daSICA<\/strong><\/p>\n<p style=\"text-align: justify;\">Las actividades culturales y musicales comienzan este 21 de enero con el Encuentro \u201cLa Cultura del Hip Hop\u201d, el cual se realizar\u00e1 en el Centro Cultural de Vallenar desde las 15:30 horas, al igual el pr\u00f3ximo s\u00e1bado 4 de febrero, con la actividad denominada \u201cEncuentro de Hip Hop\u201d.<\/p>\n<p style=\"text-align: justify;\">El martes 14 de febrero, como ya es tradici\u00f3n, se celebrar\u00e1 con un show musical, la Noche de los Enamorados, la cual comenzar\u00e1 a las 21:00 horas en el Anfiteatro del Paseo Ribere\u00f1o. Desde el 15 al 24 de febrero, se realizar\u00e1 el Festival de Teatro, el cual recorrer\u00e1 desde las 20:30 horas, diferentes sectores rurales y urbanos de la comuna.<\/p>\n<p style=\"text-align: justify;\">Las actividades culturales finalizar\u00e1n el pr\u00f3ximo 18 de febrero, con el Encuentro Juvenil de las Artes, el cual comenzar\u00e1 a eso de las 15:30 horas, en el sector puente Brasil del Paseo Ribere\u00f1o.<\/p>\n<p style=\"text-align: justify;\"><strong>RECREACI\u00d3N<\/strong><\/p>\n<p style=\"text-align: justify;\">Las actividades recreativas para disfrutar en familia refresc\u00e1ndose, comenzar\u00e1n el pr\u00f3ximo jueves 26 de enero en el sector Vista Alegre, precisamente cancha Meseta Azul, con la actividad denominada Fiesta de la Espuma. La cual se realizar\u00e1 al igual que en otros sectores, de 16:00 a 20:00 horas.<\/p>\n<p style=\"text-align: justify;\">El 27 y 30 de enero, se realizar\u00e1 en Incahuasi y Cachiyuyo respectivamente, la Fiesta de la Chaya, la cual comenzar\u00e1 a las 16:00 horas y se extender\u00e1 hasta las 20:00 horas. Esta misma actividad se realizar\u00e1 en Domeyko el pr\u00f3ximo lunes 6 de febrero.<\/p>\n<p style=\"text-align: justify;\">La Fiesta de la Espuma llegar\u00e1 a otros sectores de Vallenar, de 16:00 a 20:00 horas. El 31 de enero, en Plazoleta Manuel de Salas en Baquedano, el martes 7 de febrero en el frontis de la Parroquia Santa Cruz en Torreblanca, el 9 de febrero en Plaza Hermanos Carrera y el 15 de febrero en la cancha de Villa Cordillera.<\/p>\n<p style=\"text-align: justify;\">Cabe destacar que adem\u00e1s el pr\u00f3ximo jueves 2 de febrero, se realizar\u00e1 la elecci\u00f3n de la Reina Vallenar 2017. Actividad que se efectuar\u00e1 desde las 21:00 horas en la Plaza Ambrosio O\u00b4Higgins.<\/p>\n<p style=\"text-align: justify;\">Se realizar\u00e1n dos cierres de verano con Fiesta de la Espuma desde las 15:00 horas el pr\u00f3ximo 23 de febrero en Domeyko y el domingo 26 de febrero en Parque Quinta Valle.<\/p>\n","protected":false},"excerpt":{"rendered":"<p>Diferentes actividades recreativas, deportivas y culturales, se realizar\u00e1n durante este verano 2017 en la capital provincial del Huasco, las cuales comienzan este s\u00e1bado 21, con&hellip; <\/p>\n","protected":false},"author":2,"featured_media":3698,"comment_status":"open","ping_status":"closed","sticky":false,"template":"","format":"standard","meta":{"footnotes":""},"categories":[2],"tags":[],"class_list":["post-3696","post","type-post","status-publish","format-standard","has-post-thumbnail","hentry","category-vallenar"],"_links":{"self":[{"href":"https:\/\/www.radioamigavallenar.cl\/index.php?rest_route=\/wp\/v2\/posts\/3696","targetHints":{"allow":["GET"]}}],"collection":[{"href":"https:\/\/www.radioamigavallenar.cl\/index.php?rest_route=\/wp\/v2\/posts"}],"about":[{"href":"https:\/\/www.radioamigavallenar.cl\/index.php?rest_route=\/wp\/v2\/types\/post"}],"author":[{"embeddable":true,"href":"https:\/\/www.radioamigavallenar.cl\/index.php?rest_route=\/wp\/v2\/users\/2"}],"replies":[{"embeddable":true,"href":"https:\/\/www.radioamigavallenar.cl\/index.php?rest_route=%2Fwp%2Fv2%2Fcomments&post=3696"}],"version-history":[{"count":0,"href":"https:\/\/www.radioamigavallenar.cl\/index.php?rest_route=\/wp\/v2\/posts\/3696\/revisions"}],"wp:featuredmedia":[{"embeddable":true,"href":"https:\/\/www.radioamigavallenar.cl\/index.php?rest_route=\/wp\/v2\/media\/3698"}],"wp:attachment":[{"href":"https:\/\/www.radioamigavallenar.cl\/index.php?rest_route=%2Fwp%2Fv2%2Fmedia&parent=3696"}],"wp:term":[{"taxonomy":"category","embeddable":true,"href":"https:\/\/www.radioamigavallenar.cl\/index.php?rest_route=%2Fwp%2Fv2%2Fcategories&post=3696"},{"taxonomy":"post_tag","embeddable":true,"href":"https:\/\/www.radioamigavallenar.cl\/index.php?rest_route=%2Fwp%2Fv2%2Ftags&post=3696"}],"curies":[{"name":"wp","href":"https:\/\/api.w.org\/{rel}","templated":true}]}}