{"id":3691,"date":"2017-01-22T00:44:28","date_gmt":"2017-01-22T03:44:28","guid":{"rendered":"http:\/\/www.radioamigavallenar.cl\/?p=3691"},"modified":"2017-01-22T00:44:28","modified_gmt":"2017-01-22T03:44:28","slug":"atacama-tres-mil-atacamenos-realizaran-actividad-fisica-gracias-al-mindep","status":"publish","type":"post","link":"https:\/\/www.radioamigavallenar.cl\/?p=3691","title":{"rendered":"Atacama: tres mil atacame\u00f1os realizar\u00e1n actividad f\u00edsica gracias al Mindep"},"content":{"rendered":"<p style=\"text-align: justify;\"><a href=\"http:\/\/www.radioamigavallenar.cl\/wp-content\/uploads\/2017\/01\/MINDEP-DOS.jpg\"><img loading=\"lazy\" decoding=\"async\" class=\" size-medium wp-image-3692 aligncenter\" src=\"http:\/\/www.radioamigavallenar.cl\/wp-content\/uploads\/2017\/01\/MINDEP-DOS-300x200.jpg\" alt=\"MINDEP DOS\" width=\"300\" height=\"200\" srcset=\"https:\/\/www.radioamigavallenar.cl\/wp-content\/uploads\/2017\/01\/MINDEP-DOS-300x200.jpg 300w, https:\/\/www.radioamigavallenar.cl\/wp-content\/uploads\/2017\/01\/MINDEP-DOS.jpg 700w\" sizes=\"auto, (max-width: 300px) 100vw, 300px\" \/><\/a><\/p>\n<p style=\"text-align: justify;\">Este verano, se acabaron las excusas para no realizar actividad f\u00edsica porque los programas gratuitos que tiene el Ministerio del Deporte y que ejecuta el Instituto Nacional de Deportes beneficiar\u00e1n a grandes y chicos con diferentes eventos y talleres.<\/p>\n<p style=\"text-align: justify;\">El Seremi del Deporte, Osvaldo Carvajal Rodr\u00edguez junto al Director del IND Atacama, Rub\u00e9n Pizarro Miranda, concurrieron este viernes hasta el Polideportivo Karen Gallardo Pinto para ver parte de estos \u00a0talleres abiertos a la comunidad: \u201cEn el marco del programa Atacama Celebra, estamos ejecutando actividades a nivel formativo y recreativo, en los que se ofrece alternativas deportivas y recreativas para la poblaci\u00f3n. A nivel recreativo, se realizar\u00e1n tres eventos masivos de baile entretenido y zumba (uno ya se realiz\u00f3 en Playa Mansa de Caldera), adem\u00e1s del programa \u201cBordes Costeros\u201d y \u201cVacaciones Activas\u201d que haremos en diferentes balnearios los viernes y s\u00e1bados donde habr\u00e1 zumba, f\u00fatbol y v\u00f3ley playa, entre otras actividades\u201d.<\/p>\n<p style=\"text-align: justify;\">Igualmente, el Director del IND Atacama, Rub\u00e9n Pizarro, se\u00f1al\u00f3 que a nivel formativo, se ejecutar\u00e1n 47 talleres gratuitos que beneficiar\u00e1n a 915 ni\u00f1os y ni\u00f1as desde los 4 a 14 a\u00f1os, que se dividen en 5 \u201cJardines de Verano\u201d; 26 talleres de \u201cSeguridad en el Agua\u201d; 6 \u201cEscuelas de Iniciaci\u00f3n Deportiva\u201d y 10 \u201cEscuelas Deportivas de Verano\u201d: \u201cLa pr\u00f3xima semana comenzar\u00e1 en Copiap\u00f3 el Programa \u201cSeguridad en el Agua\u201d en la piscina ol\u00edmpica, que est\u00e1 enfocado para que ni\u00f1os y ni\u00f1as aprendan los fundamentos de la nataci\u00f3n\u201d.<\/p>\n<p style=\"text-align: justify;\">\u201cTodos estos talleres y eventos gratuitos recogen la demanda ciudadana, que tambi\u00e9n se ve reflejada en la \u201cPol\u00edtica Regional de Actividad F\u00edsica y Deporte 2016 2025\u201d, de m\u00e1s y mejores oportunidades de participaci\u00f3n deportiva para toda la poblaci\u00f3n. El slogan de la Pol\u00edtica es \u201cAct\u00edvate\u201d, por eso estamos muy contentos de que los atacame\u00f1os y atacame\u00f1os se est\u00e9n sumando a este desaf\u00edo de tener una mejor calidad de vida, siendo m\u00e1s activos, dejando atr\u00e1s el sedentarismo\u201d, se\u00f1al\u00f3 Osvaldo Carvajal.<\/p>\n","protected":false},"excerpt":{"rendered":"<p>Este verano, se acabaron las excusas para no realizar actividad f\u00edsica porque los programas gratuitos que tiene el Ministerio del Deporte y que ejecuta el&hellip; <\/p>\n","protected":false},"author":2,"featured_media":3693,"comment_status":"open","ping_status":"closed","sticky":false,"template":"","format":"standard","meta":{"footnotes":""},"categories":[8],"tags":[],"class_list":["post-3691","post","type-post","status-publish","format-standard","has-post-thumbnail","hentry","category-deportes"],"_links":{"self":[{"href":"https:\/\/www.radioamigavallenar.cl\/index.php?rest_route=\/wp\/v2\/posts\/3691","targetHints":{"allow":["GET"]}}],"collection":[{"href":"https:\/\/www.radioamigavallenar.cl\/index.php?rest_route=\/wp\/v2\/posts"}],"about":[{"href":"https:\/\/www.radioamigavallenar.cl\/index.php?rest_route=\/wp\/v2\/types\/post"}],"author":[{"embeddable":true,"href":"https:\/\/www.radioamigavallenar.cl\/index.php?rest_route=\/wp\/v2\/users\/2"}],"replies":[{"embeddable":true,"href":"https:\/\/www.radioamigavallenar.cl\/index.php?rest_route=%2Fwp%2Fv2%2Fcomments&post=3691"}],"version-history":[{"count":0,"href":"https:\/\/www.radioamigavallenar.cl\/index.php?rest_route=\/wp\/v2\/posts\/3691\/revisions"}],"wp:featuredmedia":[{"embeddable":true,"href":"https:\/\/www.radioamigavallenar.cl\/index.php?rest_route=\/wp\/v2\/media\/3693"}],"wp:attachment":[{"href":"https:\/\/www.radioamigavallenar.cl\/index.php?rest_route=%2Fwp%2Fv2%2Fmedia&parent=3691"}],"wp:term":[{"taxonomy":"category","embeddable":true,"href":"https:\/\/www.radioamigavallenar.cl\/index.php?rest_route=%2Fwp%2Fv2%2Fcategories&post=3691"},{"taxonomy":"post_tag","embeddable":true,"href":"https:\/\/www.radioamigavallenar.cl\/index.php?rest_route=%2Fwp%2Fv2%2Ftags&post=3691"}],"curies":[{"name":"wp","href":"https:\/\/api.w.org\/{rel}","templated":true}]}}