{"id":36459,"date":"2021-03-01T12:28:11","date_gmt":"2021-03-01T15:28:11","guid":{"rendered":"https:\/\/www.radioamigavallenar.cl\/?p=36459"},"modified":"2021-03-01T12:28:11","modified_gmt":"2021-03-01T15:28:11","slug":"alcalde-marcos-lopez-da-positivo-por-covid-y-suspenden-sesion-del-concejo-clave-para-definir-su-futuro-en-el-sillon-municipal","status":"publish","type":"post","link":"https:\/\/www.radioamigavallenar.cl\/?p=36459","title":{"rendered":"Alcalde Marcos L\u00f3pez da positivo por covid y suspenden sesi\u00f3n del Concejo clave para definir su futuro en el sill\u00f3n municipal"},"content":{"rendered":"<p>Hay funcionarios que son contactos estrechos.<\/p>\n<p>El jueves pasado el Concejo sesion\u00f3 pero finalmente no votaron una eventual salida de L\u00f3pez. Por ello se program\u00f3 otra sesi\u00f3n para este jueves en donde se evaluar\u00eda el informe, lo que finalmente no suceder\u00e1<\/p>\n<div>La sesi\u00f3n del Concejo Municipal programada para este jueves que definir\u00eda eventuales sanciones al alcalde Marcos L\u00f3pez por un informe de Contralor\u00eda, fue suspendida luego que el edil resultara contagiado por covid-19.<\/div>\n<p>&nbsp;<\/p>\n<div>La administradora municipal, Eva Rojas, confirm\u00f3 que la autoridad dio positivo y de acuerdo a lo informado a los concejales, hay una serie de funcionarios que son contacto estrecho de la autoridad, lo que hace imposible -de acuerdo a esa versi\u00f3n- realizar el Concejo.<\/div>\n<p>&nbsp;<\/p>\n<div>De esta forma, ya no se podr\u00eda definir el futuro de L\u00f3pez en el sill\u00f3n municipal dado que al ser candidato a la reelecci\u00f3n ya no estar\u00e1 en ejercicio, seg\u00fan inform\u00f3 la concejala Paloma Fern\u00e1ndez.<\/div>\n<p>&nbsp;<\/p>\n<div>L\u00f3pez ha sido cuestionado por parte del Concejo producto del informe de Contralor\u00eda, que revel\u00f3 que el edil no se abstuvo de votar en un proceso de licitaci\u00f3n y trato directo con proveedores que financiaron su campa\u00f1a en 2016.<\/div>\n<p>&nbsp;<\/p>\n<p>&nbsp;<\/p>\n","protected":false},"excerpt":{"rendered":"<p>Hay funcionarios que son contactos estrechos. El jueves pasado el Concejo sesion\u00f3 pero finalmente no votaron una eventual salida de L\u00f3pez. Por ello se program\u00f3&hellip; <\/p>\n","protected":false},"author":2,"featured_media":36460,"comment_status":"open","ping_status":"closed","sticky":false,"template":"","format":"standard","meta":{"footnotes":""},"categories":[38],"tags":[],"class_list":["post-36459","post","type-post","status-publish","format-standard","has-post-thumbnail","hentry","category-portada-regional"],"_links":{"self":[{"href":"https:\/\/www.radioamigavallenar.cl\/index.php?rest_route=\/wp\/v2\/posts\/36459","targetHints":{"allow":["GET"]}}],"collection":[{"href":"https:\/\/www.radioamigavallenar.cl\/index.php?rest_route=\/wp\/v2\/posts"}],"about":[{"href":"https:\/\/www.radioamigavallenar.cl\/index.php?rest_route=\/wp\/v2\/types\/post"}],"author":[{"embeddable":true,"href":"https:\/\/www.radioamigavallenar.cl\/index.php?rest_route=\/wp\/v2\/users\/2"}],"replies":[{"embeddable":true,"href":"https:\/\/www.radioamigavallenar.cl\/index.php?rest_route=%2Fwp%2Fv2%2Fcomments&post=36459"}],"version-history":[{"count":1,"href":"https:\/\/www.radioamigavallenar.cl\/index.php?rest_route=\/wp\/v2\/posts\/36459\/revisions"}],"predecessor-version":[{"id":36461,"href":"https:\/\/www.radioamigavallenar.cl\/index.php?rest_route=\/wp\/v2\/posts\/36459\/revisions\/36461"}],"wp:featuredmedia":[{"embeddable":true,"href":"https:\/\/www.radioamigavallenar.cl\/index.php?rest_route=\/wp\/v2\/media\/36460"}],"wp:attachment":[{"href":"https:\/\/www.radioamigavallenar.cl\/index.php?rest_route=%2Fwp%2Fv2%2Fmedia&parent=36459"}],"wp:term":[{"taxonomy":"category","embeddable":true,"href":"https:\/\/www.radioamigavallenar.cl\/index.php?rest_route=%2Fwp%2Fv2%2Fcategories&post=36459"},{"taxonomy":"post_tag","embeddable":true,"href":"https:\/\/www.radioamigavallenar.cl\/index.php?rest_route=%2Fwp%2Fv2%2Ftags&post=36459"}],"curies":[{"name":"wp","href":"https:\/\/api.w.org\/{rel}","templated":true}]}}