{"id":36456,"date":"2021-03-01T12:25:55","date_gmt":"2021-03-01T15:25:55","guid":{"rendered":"https:\/\/www.radioamigavallenar.cl\/?p=36456"},"modified":"2021-03-01T12:25:55","modified_gmt":"2021-03-01T15:25:55","slug":"tras-12-anos-la-tradicional-actividad-chao-pescao-no-se-realizara-en-caldera","status":"publish","type":"post","link":"https:\/\/www.radioamigavallenar.cl\/?p=36456","title":{"rendered":"Tras 12 a\u00f1os, la tradicional actividad \u00abChao Pesca&#8217;o\u00bb no se realizar\u00e1 en Caldera"},"content":{"rendered":"<p>La tradicional actividad \u201cChao Pesca\u2019o\u201d, que se desarrollaba tradicionalmente el \u00faltimo fin de semana del mes de febrero y que era organizada por los pescadores artesanales de la Asociaci\u00f3n Gremial de pescadores artesanales del puerto, finalmente no se har\u00e1 luego de 12 a\u00f1os.<\/p>\n<p>As\u00ed lo confirm\u00f3 Miguel Avalos, presidente de la Corporaci\u00f3n de Pescadores Artesanales de Caldera, quien expres\u00f3 que \u00abdespu\u00e9s de 12 a\u00f1os hemos tenido que suspender la actividad gastron\u00f3mica y art\u00edstica que hac\u00edamos con nuestros pescadores artesanales el tradicional Chao Pesca\u2019o, creemos enormemente que las voluntades son primeramente para palear este problema de la pandemia que podamos seguir tomando las medidas sanitarias para poder tener un Chao Pesca\u2019o en el 2022, esperando que este problema del virus pueda estar solucionado\u00bb.<\/p>\n<p>Aparte del churrasco marino, tambi\u00e9n se preparaban cocimiento de marisco, ostiones a la parmesana y ceviche, que muchas veces fueron preparados por estudiantes de Inacap que apoyaban esta actividad junto a los pescadores artesanales y funcionarios municipales.<\/p>\n","protected":false},"excerpt":{"rendered":"<p>La tradicional actividad \u201cChao Pesca\u2019o\u201d, que se desarrollaba tradicionalmente el \u00faltimo fin de semana del mes de febrero y que era organizada por los pescadores&hellip; <\/p>\n","protected":false},"author":2,"featured_media":36457,"comment_status":"open","ping_status":"closed","sticky":false,"template":"","format":"standard","meta":{"footnotes":""},"categories":[38],"tags":[],"class_list":["post-36456","post","type-post","status-publish","format-standard","has-post-thumbnail","hentry","category-portada-regional"],"_links":{"self":[{"href":"https:\/\/www.radioamigavallenar.cl\/index.php?rest_route=\/wp\/v2\/posts\/36456","targetHints":{"allow":["GET"]}}],"collection":[{"href":"https:\/\/www.radioamigavallenar.cl\/index.php?rest_route=\/wp\/v2\/posts"}],"about":[{"href":"https:\/\/www.radioamigavallenar.cl\/index.php?rest_route=\/wp\/v2\/types\/post"}],"author":[{"embeddable":true,"href":"https:\/\/www.radioamigavallenar.cl\/index.php?rest_route=\/wp\/v2\/users\/2"}],"replies":[{"embeddable":true,"href":"https:\/\/www.radioamigavallenar.cl\/index.php?rest_route=%2Fwp%2Fv2%2Fcomments&post=36456"}],"version-history":[{"count":1,"href":"https:\/\/www.radioamigavallenar.cl\/index.php?rest_route=\/wp\/v2\/posts\/36456\/revisions"}],"predecessor-version":[{"id":36458,"href":"https:\/\/www.radioamigavallenar.cl\/index.php?rest_route=\/wp\/v2\/posts\/36456\/revisions\/36458"}],"wp:featuredmedia":[{"embeddable":true,"href":"https:\/\/www.radioamigavallenar.cl\/index.php?rest_route=\/wp\/v2\/media\/36457"}],"wp:attachment":[{"href":"https:\/\/www.radioamigavallenar.cl\/index.php?rest_route=%2Fwp%2Fv2%2Fmedia&parent=36456"}],"wp:term":[{"taxonomy":"category","embeddable":true,"href":"https:\/\/www.radioamigavallenar.cl\/index.php?rest_route=%2Fwp%2Fv2%2Fcategories&post=36456"},{"taxonomy":"post_tag","embeddable":true,"href":"https:\/\/www.radioamigavallenar.cl\/index.php?rest_route=%2Fwp%2Fv2%2Ftags&post=36456"}],"curies":[{"name":"wp","href":"https:\/\/api.w.org\/{rel}","templated":true}]}}