{"id":36453,"date":"2021-03-01T12:22:52","date_gmt":"2021-03-01T15:22:52","guid":{"rendered":"https:\/\/www.radioamigavallenar.cl\/?p=36453"},"modified":"2021-03-01T12:22:52","modified_gmt":"2021-03-01T15:22:52","slug":"llego-marzo-oposicion-busca-poner-en-tabla-tercer-retiro-del-10-de-fondos-previsionales","status":"publish","type":"post","link":"https:\/\/www.radioamigavallenar.cl\/?p=36453","title":{"rendered":"Lleg\u00f3 marzo: oposici\u00f3n busca poner en tabla tercer retiro del 10% de fondos previsionales"},"content":{"rendered":"<p>Este 1 de marzo comienza el \u00faltimo periodo legislativo y son varios los proyectos que cuentan con la atenci\u00f3n, tanto del Gobierno como tambi\u00e9n de los mismos parlamentarios. Entre ellos se encuentra la reforma previsional, la cual ser\u00eda clave para frenar el tercer retiro del 10% de los fondos de pensiones.<\/p>\n<p>Este tercer rescate debe ser analizado en la Comisi\u00f3n de Constituci\u00f3n de la C\u00e1mara,\u00a0<strong>al ser un proyecto de reforma constitucional<\/strong>.<\/p>\n<p>La iniciativa, entre varias cosas,\u00a0<strong>incorpora una compensaci\u00f3n estatal<\/strong>\u00a0a los fondos de pensiones, y tambi\u00e9n permite un retiro desde las rentas vitalicias, lo que era parte de un proyecto que no ver\u00e1 la luz durante un a\u00f1o, tras ser rechazado y archivado en su primer tr\u00e1mite.<\/p>\n<p>Seg\u00fan fuentes de Radio B\u00edo B\u00edo, la prioridad en la Comisi\u00f3n de Constituci\u00f3n se encuentra en proyectos como, por ejemplo,\u00a0<strong>de la agenda de seguridad o el voto en dos d\u00edas<\/strong>. Sin embargo, los impulsores de la iniciativa miran con optimismo el escenario para el tercer retiro.<\/p>\n<p>La diputada y jefa de la bancada regionalista Alejandra Sep\u00falveda, una de las autoras del proyecto,\u00a0<strong>espera que pueda iniciar la discusi\u00f3n de la iniciativa este mes<\/strong>, mientras que el diputado socialista Marcos Ilabaca asegur\u00f3 que se van a hacer lo que sea necesario para que al menos se ponga en tabla el proyecto.<\/p>\n<p>Una postura clave la del diputado Ilabaca, toda vez que es miembro de la Comisi\u00f3n de Constituci\u00f3n, y justo este a\u00f1o la presidencia de esa instancia le corresponde a su partido, es decir al PS. Se dice \u2013 y todo apunta \u2013 a que ser\u00e1 presidida por el diputado Leonardo Soto,\u00a0<strong>lo que podr\u00eda facilitar las gestiones<\/strong>, seg\u00fan aseguran voces de la oposici\u00f3n.<\/p>\n<p>El proyecto de reforma constitucional comienza a sumar apoyo. El diputado RN Jorge Dur\u00e1n ha sido el primero en demostrarlo, o al menos a no cerrarse a su aprobaci\u00f3n. Por otro lado, reiter\u00f3 que<strong>\u00a0el tercer retiro s\u00ed es una opci\u00f3n.<\/strong><\/p>\n<p>Respecto a los retiros de los fondos previsionales, todo ha sido cambiante. Basta con recordar lo que ocurri\u00f3 con el segundo de ellos, en donde incluso parlamentarios de la oposici\u00f3n hab\u00edan manifestado su rechazo a la iniciativa.<\/p>\n<p><strong>\u00c9sta finalmente termin\u00f3 aprob\u00e1ndose por amplia mayor\u00eda en la C\u00e1mara<\/strong>. Un escenario que temen en el oficialismo, tras un importante cambio de postura en el Senado: la precandidata presidencial Ximena Rinc\u00f3n.<\/p>\n<p>Ella hab\u00eda se\u00f1alado que un tercer retiro era una irresponsabilidad,\u00a0<strong>pero ayer anunci\u00f3 su respaldo<\/strong>, y tambi\u00e9n el de sus colegas, a este proyecto de reforma constitucional.<\/p>\n<p>En entrevista, el ministro de Hacienda, Rodrigo Cerda, se refiri\u00f3 a la iniciativa y mantuvo la postura del Ejecutivo, <strong>se\u00f1alando que lo del tercer retiro est\u00e1 fuera del ordenamiento constitucional<\/strong>, sacando al debate el pronunciamiento del TC, el cual acogi\u00f3 el requerimiento del Gobierno en contra del segundo retiro iniciado en moci\u00f3n parlamentaria.<\/p>\n<p>Cerda asegur\u00f3 que esta vez, un nuevo retiro no ir\u00e1 en ayuda de los m\u00e1s vulnerables,<strong>\u00a0ya que la mayor\u00eda no tiene fondos en sus cuentas<\/strong>.<\/p>\n<p>En el oficialismo \u2013 o al menos la gran mayor\u00eda \u2013<strong>\u00a0piensa de una manera similar<\/strong>. El jefe de la bancada de Ev\u00f3poli, Luciano Cruzcoke, se\u00f1al\u00f3 que el Gobierno llegar\u00e1 hasta el TC como lo hizo la vez anterior, por lo que dice, el mejor camino, son las medidas econ\u00f3micas que pueda tomar el Ejecutivo.<\/p>\n<p>En tanto, la diputada del Partido Humanista, Pamela Jiles, reiter\u00f3 su petici\u00f3n a la Comisi\u00f3n de Constituci\u00f3n a\u00a0<strong>poner en tabla este proyecto lo antes posible.<\/strong>\u00a0Lo hizo emplazando al presidente de esta instancia, Mat\u00edas Walker (DC), para que este proyecto pueda avanzar o iniciar la tramitaci\u00f3n.<\/p>\n<p>Walker, por su parte,<strong>\u00a0record\u00f3 la urgencia de otros proyectos<\/strong>\u00a0como algunos que se encuentran en la comisi\u00f3n y son parte de la agenda de seguridad, como son el perseguir el narcotr\u00e1fico, el crimen organizado y el proyecto de delitos econ\u00f3micos.<\/p>\n<p>El parlamentario se\u00f1al\u00f3 que es necesario seguir analizando estas iniciativas por lo que el tercer retiro se pondr\u00e1 en tabla eventualmente seg\u00fan la decisi\u00f3n que tome el o la nueva presidente de la comisi\u00f3n.<\/p>\n<p><strong>La respuesta de Walker fue criticada por Jiles<\/strong>, ya que seg\u00fan ella no se entender\u00eda su postura, debido a que antes hab\u00eda puesto en tabla el primer y segundo retiro de los fondos previsionales.<\/p>\n","protected":false},"excerpt":{"rendered":"<p>Este 1 de marzo comienza el \u00faltimo periodo legislativo y son varios los proyectos que cuentan con la atenci\u00f3n, tanto del Gobierno como tambi\u00e9n de&hellip; <\/p>\n","protected":false},"author":2,"featured_media":36454,"comment_status":"open","ping_status":"closed","sticky":false,"template":"","format":"standard","meta":{"footnotes":""},"categories":[38],"tags":[],"class_list":["post-36453","post","type-post","status-publish","format-standard","has-post-thumbnail","hentry","category-portada-regional"],"_links":{"self":[{"href":"https:\/\/www.radioamigavallenar.cl\/index.php?rest_route=\/wp\/v2\/posts\/36453","targetHints":{"allow":["GET"]}}],"collection":[{"href":"https:\/\/www.radioamigavallenar.cl\/index.php?rest_route=\/wp\/v2\/posts"}],"about":[{"href":"https:\/\/www.radioamigavallenar.cl\/index.php?rest_route=\/wp\/v2\/types\/post"}],"author":[{"embeddable":true,"href":"https:\/\/www.radioamigavallenar.cl\/index.php?rest_route=\/wp\/v2\/users\/2"}],"replies":[{"embeddable":true,"href":"https:\/\/www.radioamigavallenar.cl\/index.php?rest_route=%2Fwp%2Fv2%2Fcomments&post=36453"}],"version-history":[{"count":1,"href":"https:\/\/www.radioamigavallenar.cl\/index.php?rest_route=\/wp\/v2\/posts\/36453\/revisions"}],"predecessor-version":[{"id":36455,"href":"https:\/\/www.radioamigavallenar.cl\/index.php?rest_route=\/wp\/v2\/posts\/36453\/revisions\/36455"}],"wp:featuredmedia":[{"embeddable":true,"href":"https:\/\/www.radioamigavallenar.cl\/index.php?rest_route=\/wp\/v2\/media\/36454"}],"wp:attachment":[{"href":"https:\/\/www.radioamigavallenar.cl\/index.php?rest_route=%2Fwp%2Fv2%2Fmedia&parent=36453"}],"wp:term":[{"taxonomy":"category","embeddable":true,"href":"https:\/\/www.radioamigavallenar.cl\/index.php?rest_route=%2Fwp%2Fv2%2Fcategories&post=36453"},{"taxonomy":"post_tag","embeddable":true,"href":"https:\/\/www.radioamigavallenar.cl\/index.php?rest_route=%2Fwp%2Fv2%2Ftags&post=36453"}],"curies":[{"name":"wp","href":"https:\/\/api.w.org\/{rel}","templated":true}]}}