{"id":36450,"date":"2021-03-01T12:20:01","date_gmt":"2021-03-01T15:20:01","guid":{"rendered":"https:\/\/www.radioamigavallenar.cl\/?p=36450"},"modified":"2021-03-01T12:20:01","modified_gmt":"2021-03-01T15:20:01","slug":"pinera-tilda-retorno-a-clases-como-necesidad-y-afirma-que-ninos-aprenden-en-sala-y-no-en-la-calle","status":"publish","type":"post","link":"https:\/\/www.radioamigavallenar.cl\/?p=36450","title":{"rendered":"Pi\u00f1era tilda retorno a clases como necesidad y afirma que ni\u00f1os aprenden en sala \u00aby no en la calle\u00bb"},"content":{"rendered":"<p>La ma\u00f1ana de este lunes, desde el Colegio Polivalente Patricio Mekis de la comuna de Padre Hurtado, el presidente Sebasti\u00e1n\u00a0<strong>Pi\u00f1era inaugur\u00f3 de manera oficial el a\u00f1o acad\u00e9mico 2021<\/strong>\u00a0junto a los ministros de Educaci\u00f3n y Salud, Ra\u00fal Figueroa y Enrique Paris.<\/p>\n<p>En su intervenci\u00f3n, el\u00a0<strong>Mandatario tild\u00f3 el regreso a clases como una \u201cnecesidad\u201d<\/strong>\u00a0y tambi\u00e9n afirm\u00f3 que es en las salas, y no en la calle, donde los alumnos se forman y aprenden.<\/p>\n<p>\u201cQuiero decirlo con mucha claridad y firmeza: para nuestro Gobierno la sala de clases es sagrada.\u00a0<strong>Es en las salas de clases y no en la calle donde los ni\u00f1os y los estudiantes se forman y aprenden\u201d<\/strong>, dijo.<\/p>\n<p>\u201cPueden compartir con amigos, profesores, desarrollan emocionalidad y tener un desarrollo integral. Por todas esas razones\u00a0<strong>hoy es un gran d\u00eda para nuestros ni\u00f1os y para la sociedad chilena<\/strong>, porque todos sabemos que una buena educaci\u00f3n abre un mundo de oportunidades\u201d, agreg\u00f3.<\/p>\n<p>En su discurso,\u00a0<strong>Pi\u00f1era repas\u00f3 lo complejo que fue 2020 para los profesores<\/strong>, ya que la educaci\u00f3n online surgi\u00f3 de manera imprevista y se instal\u00f3 como la nueva normalidad.<\/p>\n<p>Con ello, Pi\u00f1era record\u00f3 que algunos\u00a0<strong>colegios debieron instaurar el env\u00edo de material a domicilio<\/strong>, la televisi\u00f3n debi\u00f3 adaptar sus contenidos y asegur\u00f3 que su administraci\u00f3n apoy\u00f3 a la educaci\u00f3n con el plan\u00a0<em>Yo Aprendo en L\u00ednea<\/em>, aunque recalc\u00f3 que nada de eso podr\u00e1 reemplazar a la presencialidad.<\/p>\n<p><strong>\u201cEso lo han notificado todos los organismos internacionales<\/strong>: Unicef, Unesco, ONU, OMS, la Sociedad Chilena de Pediatr\u00eda, la Defensor\u00eda de la Ni\u00f1ez, el consejo asesor del Mineduc, por eso tenemos un deber moral porque la falta de educaci\u00f3n no solo afecta la calidad de la educaci\u00f3n\u2026 tambi\u00e9n las brechas\u201d, complement\u00f3 Pi\u00f1era.<\/p>\n<p>A eso, Pi\u00f1era sum\u00f3\u00a0<strong>efectos negativos en la salud mental, emocional<\/strong>, el desarrollo integral y la sociabilidad.<\/p>\n<p>\u201cEl retorno a clases es una necesidad, es algo fundamental.\u00a0<strong>Por supuesto que tenemos que hacerlo protegiendo la salud\u201d<\/strong>, dijo, tras lo cual destac\u00f3 el trabajo de Figueroa, uno de los ministros peores evaluados del gabinete seg\u00fan Cadem, quien impuls\u00f3 el regreso a clases hasta casi el final del a\u00f1o acad\u00e9mico 2020.<\/p>\n<p>Con todo, Pi\u00f1era\u00a0<strong>reiter\u00f3 que el retorno a clases ser\u00e1 voluntario, gradual, flexible y seguro<\/strong>, y que m\u00e1s de 3.300 establecimientos est\u00e1n en condiciones de abrir sus puertas a partir de hoy.<\/p>\n<p>Aunque reconoci\u00f3 que no es l\u00f3gico que 3,5 millones de alumnos vuelvan a clases hoy mismo, s\u00ed asever\u00f3 que los establecimientos que reabrieron esta jornada enviaron planes al Mineduc y que\u00a0<strong>cada uno eligi\u00f3 la modalidad que m\u00e1s se acomoda a su realidad<\/strong>.<\/p>\n<p>Seg\u00fan el mismo jefe de Estado, en dos semanas,\u00a0<strong>m\u00e1s de la mitad de los 513 mil miembros del campo educativo ya se ha vacunado<\/strong>, entre profesores y otros profesionales.<\/p>\n<h3 style=\"text-align: center;\">Protocolos<\/h3>\n<p>Este lunes, La Moneda comparti\u00f3 una minuta con los\u00a0<strong>protocolos sanitarios al interior de colegios, en el transporte escolar<\/strong>\u00a0y a la hora de detectar alg\u00fan caso positivo. Con\u00f3celos a continuaci\u00f3n:<\/p>\n<h2 style=\"text-align: center;\">Protocolo sanitario<\/h2>\n<p>\u2022 Implementaci\u00f3n de\u00a0<strong>horarios diferidos de entrada y salida<\/strong>\u00a0de los estudiantes.<br \/>\n\u2022 Implementaci\u00f3n de horarios diferidos de\u00a0<strong>recreos por ciclos o niveles<\/strong>.<br \/>\n\u2022 Organizaci\u00f3n del\u00a0<strong>uso de ba\u00f1os<\/strong>: definir capacidad m\u00e1xima en la jornada escolar asegurando el distanciamiento social de al menos 1 metro.<br \/>\n\u2022 Organizaci\u00f3n de las salas de clases y espacios comunes abiertos o cerrados, de manera de asegurar el\u00a0<strong>distanciamiento social de al menos 1 metro<\/strong>\u00a0entre las personas de la comunidad escolar.<br \/>\n\u2022\u00a0<strong>Evitar la concentraci\u00f3n de m\u00e1s de 50 personas<\/strong>\u00a0en un espacio abierto o cerrado.<br \/>\n\u2022 Demarcar de manera visible la distancia de al menos 1 metro en los lugares de espera, como los servicios higi\u00e9nicos y casinos, entre otros.<br \/>\n\u2022 Informar a toda la comunidad educacional respecto de los protocolos establecidos para el funcionamiento del centro educacional en contexto covid-19.<br \/>\n\u2022\u00a0<strong>Evitar reuniones presenciales de padres y apoderados<\/strong>.<br \/>\n\u2022 Recomendar a los apoderados controlar la temperatura de los escolares diariamente antes de salir del domicilio. Si presenta temperatura sobre 37,8\u00b0 C o s\u00edntomas respiratorios, acudir a un centro asistencial y no asistir al establecimiento educacional hasta que sea evaluado por un m\u00e9dico.\u00a0<strong>No se exigir\u00e1 control de temperatura al ingreso de los establecimientos educacionales para no generar aglomeraciones innecesarias<\/strong>.<br \/>\n\u2022 Clases de educaci\u00f3n f\u00edsica: se deben realizar en lugares ventilados, de preferencia al aire libre, manteniendo distancia de al menos 1 metro entre alumnos.<\/p>\n<h2 style=\"text-align: center;\">Protocolo transporte escolar<\/h2>\n<p>\u2022\u00a0<strong>Limpieza y desinfecci\u00f3n del veh\u00edculo<\/strong>: tanto al inicio de cada recorrido como al final se debe seguir una rutina de limpieza y desinfecci\u00f3n ya definido.<br \/>\n\u2022\u00a0<strong>Mantener una lista de pasajeros diaria<\/strong>\u00a0para poder realizar trazabilidad en caso de que ocurra un brote de la enfermedad.<br \/>\n\u2022 Adem\u00e1s, se recomienda\u00a0<strong>controlar la temperatura de los pasajeros<\/strong>\u00a0previo a cada abordaje del veh\u00edculo, con term\u00f3metro infrarrojo o en su defecto digital. De ser<br \/>\nposible, se recomienda mantener distanciamiento entre los pasajeros del veh\u00edculo.<br \/>\n\u2022 El conductor del veh\u00edculo, su acompa\u00f1ante y todos los pasajeros que ingresen al transporte escolar, deber\u00e1n usar\u00a0<strong>en todo momento mascarilla correctamente<\/strong>.<br \/>\n\u2022 Los pasajeros\u00a0<strong>no podr\u00e1n consumir alimentos<\/strong>\u00a0en el trayecto.<br \/>\n\u2022 No deben utilizar mascarillas aquellos ni\u00f1os, ni\u00f1as y adolescentes que, por indicaci\u00f3n m\u00e9dica, no la puedan usar. Los padres deber\u00e1n facilitarle una copia al transportista del certificado m\u00e9dico que acredite dicha condici\u00f3n.<br \/>\n\u2022 De ser posible, se sugiere\u00a0<strong>instalar una l\u00e1mina de pl\u00e1stico blanda y transparente<\/strong>\u00a0entre conductor y pasajeros para evitar contagios, siempre que no reduzca la circulaci\u00f3n de aire.<br \/>\n\u2022 Finalizada la jornada escolar, al momento de abordar el transporte escolar, y controlada la temperatura del estudiante, si el registro es superior a 37.8\u00b0 C, aislarlo e<br \/>\ninformar a los padres, apoderados o adulto responsable.<br \/>\n\u2022 En el caso de contagio covid-19 del ni\u00f1o, ni\u00f1a o adolescente; los padres, apoderados o adultos responsables deben llevarlo al servicio de salud.<\/p>\n<h2 style=\"text-align: center;\">Caso positivo<\/h2>\n<p>Si hay un caso de Covid-19 en la escuela, dependiendo del n\u00famero de casos, o si se trata de alumno o profesor, el\u00a0<strong>procedimiento que se debe seguir tiene algunas diferencias<\/strong>.<\/p>\n<p>De acuerdo con los protocolos, el\u00a0<strong>estudiante contagiado debe permanecer en aislamiento<\/strong>\u00a0hasta que un m\u00e9dico indique que puede retomar sus actividades escolares.<\/p>\n<p><strong>Se suspenden las clases del curso por 14 d\u00edas<\/strong>\u00a0y todas las personas que son parte del grupo deben permanecer en cuarentena por el mismo per\u00edodo de tiempo.<\/p>\n<p>Se debe proceder con calma y respetar datos privados de las personas, seg\u00fan estable la Ley.<\/p>\n","protected":false},"excerpt":{"rendered":"<p>La ma\u00f1ana de este lunes, desde el Colegio Polivalente Patricio Mekis de la comuna de Padre Hurtado, el presidente Sebasti\u00e1n\u00a0Pi\u00f1era inaugur\u00f3 de manera oficial el&hellip; <\/p>\n","protected":false},"author":2,"featured_media":36451,"comment_status":"open","ping_status":"closed","sticky":false,"template":"","format":"standard","meta":{"footnotes":""},"categories":[38],"tags":[],"class_list":["post-36450","post","type-post","status-publish","format-standard","has-post-thumbnail","hentry","category-portada-regional"],"_links":{"self":[{"href":"https:\/\/www.radioamigavallenar.cl\/index.php?rest_route=\/wp\/v2\/posts\/36450","targetHints":{"allow":["GET"]}}],"collection":[{"href":"https:\/\/www.radioamigavallenar.cl\/index.php?rest_route=\/wp\/v2\/posts"}],"about":[{"href":"https:\/\/www.radioamigavallenar.cl\/index.php?rest_route=\/wp\/v2\/types\/post"}],"author":[{"embeddable":true,"href":"https:\/\/www.radioamigavallenar.cl\/index.php?rest_route=\/wp\/v2\/users\/2"}],"replies":[{"embeddable":true,"href":"https:\/\/www.radioamigavallenar.cl\/index.php?rest_route=%2Fwp%2Fv2%2Fcomments&post=36450"}],"version-history":[{"count":1,"href":"https:\/\/www.radioamigavallenar.cl\/index.php?rest_route=\/wp\/v2\/posts\/36450\/revisions"}],"predecessor-version":[{"id":36452,"href":"https:\/\/www.radioamigavallenar.cl\/index.php?rest_route=\/wp\/v2\/posts\/36450\/revisions\/36452"}],"wp:featuredmedia":[{"embeddable":true,"href":"https:\/\/www.radioamigavallenar.cl\/index.php?rest_route=\/wp\/v2\/media\/36451"}],"wp:attachment":[{"href":"https:\/\/www.radioamigavallenar.cl\/index.php?rest_route=%2Fwp%2Fv2%2Fmedia&parent=36450"}],"wp:term":[{"taxonomy":"category","embeddable":true,"href":"https:\/\/www.radioamigavallenar.cl\/index.php?rest_route=%2Fwp%2Fv2%2Fcategories&post=36450"},{"taxonomy":"post_tag","embeddable":true,"href":"https:\/\/www.radioamigavallenar.cl\/index.php?rest_route=%2Fwp%2Fv2%2Ftags&post=36450"}],"curies":[{"name":"wp","href":"https:\/\/api.w.org\/{rel}","templated":true}]}}