{"id":3639,"date":"2017-01-17T12:56:32","date_gmt":"2017-01-17T15:56:32","guid":{"rendered":"http:\/\/www.radioamigavallenar.cl\/?p=3639"},"modified":"2017-01-17T12:56:32","modified_gmt":"2017-01-17T15:56:32","slug":"audio-especialista-del-hph-realiza-inedita-cirugia-de-reconstruccion-maxilar","status":"publish","type":"post","link":"https:\/\/www.radioamigavallenar.cl\/?p=3639","title":{"rendered":"(AUDIO) Especialista del HPH realiza in\u00e9dita cirug\u00eda de reconstrucci\u00f3n maxilar"},"content":{"rendered":"<p style=\"text-align: justify;\"><a href=\"http:\/\/www.radioamigavallenar.cl\/wp-content\/uploads\/2017\/01\/Operaci\u00f3n-maxilofacial.jpg\"><img loading=\"lazy\" decoding=\"async\" class=\" size-medium wp-image-3640 aligncenter\" src=\"http:\/\/www.radioamigavallenar.cl\/wp-content\/uploads\/2017\/01\/Operaci\u00f3n-maxilofacial-300x225.jpg\" alt=\"Operaci\u00f3n maxilofacial\" width=\"300\" height=\"225\" srcset=\"https:\/\/www.radioamigavallenar.cl\/wp-content\/uploads\/2017\/01\/Operaci\u00f3n-maxilofacial-300x225.jpg 300w, https:\/\/www.radioamigavallenar.cl\/wp-content\/uploads\/2017\/01\/Operaci\u00f3n-maxilofacial.jpg 700w\" sizes=\"auto, (max-width: 300px) 100vw, 300px\" \/><\/a><\/p>\n<p style=\"text-align: justify;\">Un nuevo avance en las cirug\u00edas reconstructivas logr\u00f3 el Hospital Provincial del Huasco (HPH), al realizar una pionera cirug\u00eda de maxilar a trav\u00e9s de procedimientos ortogn\u00e1ticos, que permitieron mejorar la calidad de vida a una adolescente de 16 a\u00f1os.<\/p>\n<p style=\"text-align: justify;\">\u201cEs un orgullo para nuestro Hospital, contar con la calidad de especialistas que tenemos. La cirug\u00eda maxilofacial ha tenido un tremendo desarrollo en los \u00faltimos a\u00f1os en nuestra instituci\u00f3n y ha permitido que la especialidad se desarrolle\u201d, dijo el Director del HPH, Claudio Baeza Avello.<\/p>\n<p style=\"text-align: justify;\">El cirujano maxilofacial, doctor Mario del Villar, realiz\u00f3 una cirug\u00eda de reconstrucci\u00f3n de maxilar en una paciente con fisura labiopalatina. \u201cElla ten\u00eda todas sus cirug\u00edas primarias, cirug\u00edas de paladar, de labio, pero siempre queda una deformaci\u00f3n. Nosotros a trav\u00e9s de la Cirug\u00eda Ortogn\u00e1tica mediante el avance del maxilar y la movilidad de la mand\u00edbula, logramos una oclusi\u00f3n ideal de la paciente. Fue una cirug\u00eda de 6 horas y permaneci\u00f3 hospitalizada en la UTI para monitorizarla\u201d, se\u00f1al\u00f3 el especialista.<\/p>\n<audio class=\"wp-audio-shortcode\" id=\"audio-3639-1\" preload=\"none\" style=\"width: 100%;\" controls=\"controls\"><source type=\"audio\/mpeg\" src=\"http:\/\/www.radioamigavallenar.cl\/wp-content\/uploads\/2017\/01\/04.-Mario-del-Villar.mp3?_=1\" \/><a href=\"http:\/\/www.radioamigavallenar.cl\/wp-content\/uploads\/2017\/01\/04.-Mario-del-Villar.mp3\">http:\/\/www.radioamigavallenar.cl\/wp-content\/uploads\/2017\/01\/04.-Mario-del-Villar.mp3<\/a><\/audio>\n<p style=\"text-align: justify;\">Igualmente dijo del Villar, se utiliz\u00f3 una t\u00e9cnica alternativa anest\u00e9sica de intubaci\u00f3n submental desarrollada por los anestesistas y que permiti\u00f3 realizar una buena cirug\u00eda.<\/p>\n<p style=\"text-align: justify;\">Pr\u00f3ximamente se realizar\u00e1 en el hospital, la quinta cirug\u00eda de recambio articular total mediante pr\u00f3tesis de articulaci\u00f3n temporo mandibular, en paciente con severo da\u00f1o osteoartr\u00edtico.<\/p>\n<p style=\"text-align: justify;\">Cabe destacar, que junto con ello, el Hospital Provincial del Huasco contin\u00faa realizando cirug\u00eda Ortogn\u00e1tica como otra intervenci\u00f3n in\u00e9dita en la regi\u00f3n. \u201cEsto ha permitido que se est\u00e9 conformando un muy buen equipo de trabajo en cirug\u00eda maxilofacial, la cual se ha realizado en nuestro establecimiento en 7 pacientes a la fecha, y ya est\u00e1n coordinadas 4 cirug\u00edas m\u00e1s en los meses de Enero y Febrero 2017\u201d, dijo el especialista.<\/p>\n<p>&nbsp;<\/p>\n","protected":false},"excerpt":{"rendered":"<p>Un nuevo avance en las cirug\u00edas reconstructivas logr\u00f3 el Hospital Provincial del Huasco (HPH), al realizar una pionera cirug\u00eda de maxilar a trav\u00e9s de procedimientos&hellip; <\/p>\n","protected":false},"author":2,"featured_media":3640,"comment_status":"open","ping_status":"closed","sticky":false,"template":"","format":"standard","meta":{"footnotes":""},"categories":[2],"tags":[],"class_list":["post-3639","post","type-post","status-publish","format-standard","has-post-thumbnail","hentry","category-vallenar"],"_links":{"self":[{"href":"https:\/\/www.radioamigavallenar.cl\/index.php?rest_route=\/wp\/v2\/posts\/3639","targetHints":{"allow":["GET"]}}],"collection":[{"href":"https:\/\/www.radioamigavallenar.cl\/index.php?rest_route=\/wp\/v2\/posts"}],"about":[{"href":"https:\/\/www.radioamigavallenar.cl\/index.php?rest_route=\/wp\/v2\/types\/post"}],"author":[{"embeddable":true,"href":"https:\/\/www.radioamigavallenar.cl\/index.php?rest_route=\/wp\/v2\/users\/2"}],"replies":[{"embeddable":true,"href":"https:\/\/www.radioamigavallenar.cl\/index.php?rest_route=%2Fwp%2Fv2%2Fcomments&post=3639"}],"version-history":[{"count":0,"href":"https:\/\/www.radioamigavallenar.cl\/index.php?rest_route=\/wp\/v2\/posts\/3639\/revisions"}],"wp:featuredmedia":[{"embeddable":true,"href":"https:\/\/www.radioamigavallenar.cl\/index.php?rest_route=\/wp\/v2\/media\/3640"}],"wp:attachment":[{"href":"https:\/\/www.radioamigavallenar.cl\/index.php?rest_route=%2Fwp%2Fv2%2Fmedia&parent=3639"}],"wp:term":[{"taxonomy":"category","embeddable":true,"href":"https:\/\/www.radioamigavallenar.cl\/index.php?rest_route=%2Fwp%2Fv2%2Fcategories&post=3639"},{"taxonomy":"post_tag","embeddable":true,"href":"https:\/\/www.radioamigavallenar.cl\/index.php?rest_route=%2Fwp%2Fv2%2Ftags&post=3639"}],"curies":[{"name":"wp","href":"https:\/\/api.w.org\/{rel}","templated":true}]}}