{"id":36274,"date":"2021-02-23T12:45:01","date_gmt":"2021-02-23T15:45:01","guid":{"rendered":"https:\/\/www.radioamigavallenar.cl\/?p=36274"},"modified":"2021-02-23T12:45:01","modified_gmt":"2021-02-23T15:45:01","slug":"hoy-martes-23-de-febrero-se-reportan-98-nuevos-casos-positivos-en-la-region-de-atacama","status":"publish","type":"post","link":"https:\/\/www.radioamigavallenar.cl\/?p=36274","title":{"rendered":"Hoy martes 23 de febrero se reportan 98 nuevos casos positivos  en la regi\u00f3n de Atacama."},"content":{"rendered":"<p>Hoy martes 23 de febrero se reportan 98 nuevos casos positivos de Coronavirus en la regi\u00f3n de Atacama.<\/p>\n<p>59 de los casos corresponden a la comuna de Copiap\u00f3, 17 casos a la comuna de Vallenar, 6 casos a la comuna de Caldera, 6 casos a la comuna de Tierra Amarilla, 3 casos a la comuna de Diego de Almagro, 2 casos a la comuna de Alto del Carmen, 2 casos a la comuna de Freirina, 2 casos a la comuna de Huasco y finalmente 1 caso a la comuna de Cha\u00f1aral.<\/p>\n<p>Con esta confirmaci\u00f3n, la regi\u00f3n de Atacama actualmente registra 11.682 casos positivos acumulados de Coronavirus.<\/p>\n<p>El Laboratorio de la Universidad de Atacama proces\u00f3 los ex\u00e1menes para su posterior confirmaci\u00f3n. La Autoridad Sanitaria contin\u00faa con el seguimiento y vigilancia de los 98 nuevos casos en la regi\u00f3n.<\/p>\n<p>Cabe se\u00f1alar que estas cifras presentan un desfase debido al proceso de validaci\u00f3n a nivel nacional del Ministerio de Salud. Es importante aclarar que ello no representa un retraso en la atenci\u00f3n, estudio epidemiol\u00f3gico y seguimiento de los pacientes y sus contactos.<\/p>\n<p>Las autoridades de salud reiteran el llamado a la responsabilidad y a extremar las medidas de prevenci\u00f3n, como el lavado frecuente de manos con agua y jab\u00f3n, el distanciamiento f\u00edsico y el uso de mascarilla obligatorio.<\/p>\n","protected":false},"excerpt":{"rendered":"<p>Hoy martes 23 de febrero se reportan 98 nuevos casos positivos de Coronavirus en la regi\u00f3n de Atacama. 59 de los casos corresponden a la&hellip; <\/p>\n","protected":false},"author":2,"featured_media":35836,"comment_status":"open","ping_status":"closed","sticky":false,"template":"","format":"standard","meta":{"footnotes":""},"categories":[38],"tags":[],"class_list":["post-36274","post","type-post","status-publish","format-standard","has-post-thumbnail","hentry","category-portada-regional"],"_links":{"self":[{"href":"https:\/\/www.radioamigavallenar.cl\/index.php?rest_route=\/wp\/v2\/posts\/36274","targetHints":{"allow":["GET"]}}],"collection":[{"href":"https:\/\/www.radioamigavallenar.cl\/index.php?rest_route=\/wp\/v2\/posts"}],"about":[{"href":"https:\/\/www.radioamigavallenar.cl\/index.php?rest_route=\/wp\/v2\/types\/post"}],"author":[{"embeddable":true,"href":"https:\/\/www.radioamigavallenar.cl\/index.php?rest_route=\/wp\/v2\/users\/2"}],"replies":[{"embeddable":true,"href":"https:\/\/www.radioamigavallenar.cl\/index.php?rest_route=%2Fwp%2Fv2%2Fcomments&post=36274"}],"version-history":[{"count":1,"href":"https:\/\/www.radioamigavallenar.cl\/index.php?rest_route=\/wp\/v2\/posts\/36274\/revisions"}],"predecessor-version":[{"id":36275,"href":"https:\/\/www.radioamigavallenar.cl\/index.php?rest_route=\/wp\/v2\/posts\/36274\/revisions\/36275"}],"wp:featuredmedia":[{"embeddable":true,"href":"https:\/\/www.radioamigavallenar.cl\/index.php?rest_route=\/wp\/v2\/media\/35836"}],"wp:attachment":[{"href":"https:\/\/www.radioamigavallenar.cl\/index.php?rest_route=%2Fwp%2Fv2%2Fmedia&parent=36274"}],"wp:term":[{"taxonomy":"category","embeddable":true,"href":"https:\/\/www.radioamigavallenar.cl\/index.php?rest_route=%2Fwp%2Fv2%2Fcategories&post=36274"},{"taxonomy":"post_tag","embeddable":true,"href":"https:\/\/www.radioamigavallenar.cl\/index.php?rest_route=%2Fwp%2Fv2%2Ftags&post=36274"}],"curies":[{"name":"wp","href":"https:\/\/api.w.org\/{rel}","templated":true}]}}