{"id":3626,"date":"2017-01-17T12:06:06","date_gmt":"2017-01-17T15:06:06","guid":{"rendered":"http:\/\/www.radioamigavallenar.cl\/?p=3626"},"modified":"2017-01-17T12:49:26","modified_gmt":"2017-01-17T15:49:26","slug":"asistentes-de-la-educacion-del-huasco-son-capacitados-en-marco-del-plan-de-anticipacion-por-una-nueva-educacion-publica","status":"publish","type":"post","link":"https:\/\/www.radioamigavallenar.cl\/?p=3626","title":{"rendered":"(AUDIO) Asistentes de la Educaci\u00f3n del Huasco son capacitados en marco del Plan de Anticipaci\u00f3n por una Nueva Educaci\u00f3n P\u00fablica"},"content":{"rendered":"<p style=\"text-align: justify;\"><a href=\"http:\/\/www.radioamigavallenar.cl\/wp-content\/uploads\/2017\/01\/Capacitaciones-Asist.-de-la-Educaci\u00f3n-1.jpg\"><img loading=\"lazy\" decoding=\"async\" class=\"alignnone size-medium wp-image-3627\" src=\"http:\/\/www.radioamigavallenar.cl\/wp-content\/uploads\/2017\/01\/Capacitaciones-Asist.-de-la-Educaci\u00f3n-1-300x169.jpg\" alt=\"Capacitaciones Asist. de la Educaci\u00f3n (1)\" width=\"300\" height=\"169\" srcset=\"https:\/\/www.radioamigavallenar.cl\/wp-content\/uploads\/2017\/01\/Capacitaciones-Asist.-de-la-Educaci\u00f3n-1-300x169.jpg 300w, https:\/\/www.radioamigavallenar.cl\/wp-content\/uploads\/2017\/01\/Capacitaciones-Asist.-de-la-Educaci\u00f3n-1.jpg 700w\" sizes=\"auto, (max-width: 300px) 100vw, 300px\" \/><\/a> <a href=\"http:\/\/www.radioamigavallenar.cl\/wp-content\/uploads\/2017\/01\/Capacitaciones-Asist.-de-la-Educaci\u00f3n-2.jpg\"><img loading=\"lazy\" decoding=\"async\" class=\" size-medium wp-image-3628 alignright\" src=\"http:\/\/www.radioamigavallenar.cl\/wp-content\/uploads\/2017\/01\/Capacitaciones-Asist.-de-la-Educaci\u00f3n-2-300x200.jpg\" alt=\"Capacitaciones Asist. de la Educaci\u00f3n (2)\" width=\"300\" height=\"200\" srcset=\"https:\/\/www.radioamigavallenar.cl\/wp-content\/uploads\/2017\/01\/Capacitaciones-Asist.-de-la-Educaci\u00f3n-2-300x200.jpg 300w, https:\/\/www.radioamigavallenar.cl\/wp-content\/uploads\/2017\/01\/Capacitaciones-Asist.-de-la-Educaci\u00f3n-2.jpg 700w\" sizes=\"auto, (max-width: 300px) 100vw, 300px\" \/><\/a><\/p>\n<p style=\"text-align: justify;\">\n<p style=\"text-align: justify;\">El curso OS10, Inform\u00e1tica Educativa e Inteligencia Emocional y Neurociencia son s\u00f3lo tres de las doce capacitaciones a las que asisten durante estos d\u00edas los Asistentes de la Educaci\u00f3n de Alto del Carmen, Freirina, Vallenar y Huasco. Esta jornada provincial forma parte del Plan de Anticipaci\u00f3n de la Reforma Educacional y han sido coordinadas por la Red de Sostenedores del Huasco para fortalecer la educaci\u00f3n p\u00fablica.<\/p>\n<p style=\"text-align: justify;\">Aquellos que tuvieron amplia convocatoria son los cursos de Competencias T\u00e9cnicas y Pedag\u00f3gicas para el trato con alumnos con Necesidades Educativas Especiales, lengua de se\u00f1as y primeros auxilios, siendo este \u00faltimo coordinado por el Departamento de Salud del Cuerpo de Bomberos de Vallenar, integrado por param\u00e9dicos y enfermeros voluntarios que integran las seis compa\u00f1\u00edas de bomberos de la comuna.<\/p>\n<p style=\"text-align: justify;\">\u201cEl objetivo fundamental es que las personas que est\u00e1n capacit\u00e1ndose conozcan las t\u00e9cnicas b\u00e1sicas para atender alg\u00fan lesionado, o lo que se presente dentro de su \u00e1mbito de trabajo o en la casa, porque las patolog\u00edas y cosas que nos centramos ac\u00e1 van directamente relacionadas y la mayor\u00eda de pacientes son el tipo de alumnos que pueden sufrir los accidentes o entre los mismos asistentes, profesores o apoderados de un colegio. Solamente darle las gracias por la oportunidad que nos dan de capacitar a la gente porque tenemos harta experiencia en el tema y nos gusta harto ense\u00f1ar, adem\u00e1s esto es un departamento nuevo de bomberos que se est\u00e1 creando\u201d, explic\u00f3 Daniel Araya, bombero voluntario y coordinador general de la capacitaci\u00f3n de Primeros Auxilios.<\/p>\n<audio class=\"wp-audio-shortcode\" id=\"audio-3626-1\" preload=\"none\" style=\"width: 100%;\" controls=\"controls\"><source type=\"audio\/mpeg\" src=\"http:\/\/www.radioamigavallenar.cl\/wp-content\/uploads\/2017\/01\/11.-Daniel-Araya-Coordinador-Gral.-Primeros-Auxilios.mp3?_=1\" \/><a href=\"http:\/\/www.radioamigavallenar.cl\/wp-content\/uploads\/2017\/01\/11.-Daniel-Araya-Coordinador-Gral.-Primeros-Auxilios.mp3\">http:\/\/www.radioamigavallenar.cl\/wp-content\/uploads\/2017\/01\/11.-Daniel-Araya-Coordinador-Gral.-Primeros-Auxilios.mp3<\/a><\/audio>\n<p style=\"text-align: justify;\">Al respecto, uno de los asistentes perteneciente al Liceo Pedro Troncoso Machuca de Vallenar, Andr\u00e9s Concha Reinoso, nos cont\u00f3 sobre su experiencia como aprendiz. \u201cEl curso trae muchas cosas que ocupamos a diario donde se refleja los contenidos que nos han pasado son did\u00e1cticos, f\u00e1ciles de entender, no son muy te\u00f3ricos, m\u00e1s pr\u00e1ctico y buenos los relatores, c\u00f3mo est\u00e1 la obesidad, la muerte s\u00fabita, poder reconocer un paro cardiaco ya sabes c\u00f3mo tienes que dirigirte a la asistencia p\u00fablica e informar de la situaci\u00f3n\u201d, declar\u00f3 Andr\u00e9s.<\/p>\n<audio class=\"wp-audio-shortcode\" id=\"audio-3626-2\" preload=\"none\" style=\"width: 100%;\" controls=\"controls\"><source type=\"audio\/mpeg\" src=\"http:\/\/www.radioamigavallenar.cl\/wp-content\/uploads\/2017\/01\/10.-Asistente-Andr\u00e9s-Concha-.mp3?_=2\" \/><a href=\"http:\/\/www.radioamigavallenar.cl\/wp-content\/uploads\/2017\/01\/10.-Asistente-Andr\u00e9s-Concha-.mp3\">http:\/\/www.radioamigavallenar.cl\/wp-content\/uploads\/2017\/01\/10.-Asistente-Andr\u00e9s-Concha-.mp3<\/a><\/audio>\n<p style=\"text-align: justify;\">Uno de los directivos de la Asociaci\u00f3n de Funcionarios de la Educaci\u00f3n Municipal, Andr\u00e9s Rivera, quien se desempe\u00f1a como Asistente de la Educaci\u00f3n en la Escuela Espa\u00f1a de Vallenar, coment\u00f3 que estas capacitaciones \u201csirven para trabajar en equipo con el otro, ponerse en la posici\u00f3n de los ni\u00f1os y j\u00f3venes a quienes atendemos y de esa manera compartir y aprender en conjunto como vamos mejorando nuestra situaci\u00f3n educacional y tambi\u00e9n nuestra sociedad. Muy contento de participar y que sigamos capacit\u00e1ndonos porque sabiendo m\u00e1s, siempre seremos mejores\u201d.<\/p>\n<audio class=\"wp-audio-shortcode\" id=\"audio-3626-3\" preload=\"none\" style=\"width: 100%;\" controls=\"controls\"><source type=\"audio\/mpeg\" src=\"http:\/\/www.radioamigavallenar.cl\/wp-content\/uploads\/2017\/01\/12.-Andr\u00e9s-Rivera-directivo-AFEM.mp3?_=3\" \/><a href=\"http:\/\/www.radioamigavallenar.cl\/wp-content\/uploads\/2017\/01\/12.-Andr\u00e9s-Rivera-directivo-AFEM.mp3\">http:\/\/www.radioamigavallenar.cl\/wp-content\/uploads\/2017\/01\/12.-Andr\u00e9s-Rivera-directivo-AFEM.mp3<\/a><\/audio>\n<p style=\"text-align: justify;\"><strong>En Huasco<\/strong><\/p>\n<p style=\"text-align: justify;\">Las capacitaciones de Autocuidado y Sanaci\u00f3n Corporal, Desarrollo de Competencias Laborales del Inspector Educacional, Fortaleciendo las Competencias de los Asistentes de la Educaci\u00f3n, Competencias T\u00e9cnicas y Pedag\u00f3gicas para personal del CRA y el Rol de Profesionales no Docentes se desarrollaron en la Escuela Mireya Zuleta Astudillo de Huasco, para las que se contempl\u00f3 traslado, almuerzo y coffe break, al igual que en aquellas programadas en Vallenar.<\/p>\n<p style=\"text-align: justify;\">Desde la escuela Jos\u00e9 Miguel Carrera de Huasco, Luz se traslad\u00f3 hasta el Liceo Jos\u00e9 Santos Ossa de Vallenar para certificarse en el curso SEC en Electricidad y Gasfiter\u00eda b\u00e1sica. \u201cLo encontr\u00e9 muy bueno, el profesor que nos capacit\u00f3 excelente y para ser lo b\u00e1sico en la gasfiter\u00eda es muy bueno para aplicarlo en los hogares y tambi\u00e9n en los colegios. As\u00ed que muy completo, muy bueno el curso y encuentro que fue una idea genial, lo est\u00e1bamos pidiendo hace mucho tiempo en los colegios y yo creo que si el Daem pens\u00f3 en sus trabajadores, considero que fue la mejor inversi\u00f3n que hizo\u201d, argument\u00f3 Luz Eliana.<\/p>\n<p style=\"text-align: justify;\"><a href=\"http:\/\/www.radioamigavallenar.cl\/wp-content\/uploads\/2017\/01\/Capacitaciones-Asist.-de-la-Educaci\u00f3n-10.jpg\"><img loading=\"lazy\" decoding=\"async\" class=\"alignnone size-medium wp-image-3630\" src=\"http:\/\/www.radioamigavallenar.cl\/wp-content\/uploads\/2017\/01\/Capacitaciones-Asist.-de-la-Educaci\u00f3n-10-300x200.jpg\" alt=\"Capacitaciones Asist. de la Educaci\u00f3n (10)\" width=\"300\" height=\"200\" srcset=\"https:\/\/www.radioamigavallenar.cl\/wp-content\/uploads\/2017\/01\/Capacitaciones-Asist.-de-la-Educaci\u00f3n-10-300x200.jpg 300w, https:\/\/www.radioamigavallenar.cl\/wp-content\/uploads\/2017\/01\/Capacitaciones-Asist.-de-la-Educaci\u00f3n-10.jpg 700w\" sizes=\"auto, (max-width: 300px) 100vw, 300px\" \/><\/a> <a href=\"http:\/\/www.radioamigavallenar.cl\/wp-content\/uploads\/2017\/01\/Capacitaciones-Asist.-de-la-Educaci\u00f3n-9.jpg\"><img loading=\"lazy\" decoding=\"async\" class=\" size-medium wp-image-3629 alignright\" src=\"http:\/\/www.radioamigavallenar.cl\/wp-content\/uploads\/2017\/01\/Capacitaciones-Asist.-de-la-Educaci\u00f3n-9-300x200.jpg\" alt=\"Capacitaciones Asist. de la Educaci\u00f3n (9)\" width=\"300\" height=\"200\" srcset=\"https:\/\/www.radioamigavallenar.cl\/wp-content\/uploads\/2017\/01\/Capacitaciones-Asist.-de-la-Educaci\u00f3n-9-300x200.jpg 300w, https:\/\/www.radioamigavallenar.cl\/wp-content\/uploads\/2017\/01\/Capacitaciones-Asist.-de-la-Educaci\u00f3n-9.jpg 700w\" sizes=\"auto, (max-width: 300px) 100vw, 300px\" \/><\/a><\/p>\n","protected":false},"excerpt":{"rendered":"<p>El curso OS10, Inform\u00e1tica Educativa e Inteligencia Emocional y Neurociencia son s\u00f3lo tres de las doce capacitaciones a las que asisten durante estos d\u00edas los&hellip; <\/p>\n","protected":false},"author":2,"featured_media":3630,"comment_status":"open","ping_status":"closed","sticky":false,"template":"","format":"standard","meta":{"footnotes":""},"categories":[2],"tags":[],"class_list":["post-3626","post","type-post","status-publish","format-standard","has-post-thumbnail","hentry","category-vallenar"],"_links":{"self":[{"href":"https:\/\/www.radioamigavallenar.cl\/index.php?rest_route=\/wp\/v2\/posts\/3626","targetHints":{"allow":["GET"]}}],"collection":[{"href":"https:\/\/www.radioamigavallenar.cl\/index.php?rest_route=\/wp\/v2\/posts"}],"about":[{"href":"https:\/\/www.radioamigavallenar.cl\/index.php?rest_route=\/wp\/v2\/types\/post"}],"author":[{"embeddable":true,"href":"https:\/\/www.radioamigavallenar.cl\/index.php?rest_route=\/wp\/v2\/users\/2"}],"replies":[{"embeddable":true,"href":"https:\/\/www.radioamigavallenar.cl\/index.php?rest_route=%2Fwp%2Fv2%2Fcomments&post=3626"}],"version-history":[{"count":0,"href":"https:\/\/www.radioamigavallenar.cl\/index.php?rest_route=\/wp\/v2\/posts\/3626\/revisions"}],"wp:featuredmedia":[{"embeddable":true,"href":"https:\/\/www.radioamigavallenar.cl\/index.php?rest_route=\/wp\/v2\/media\/3630"}],"wp:attachment":[{"href":"https:\/\/www.radioamigavallenar.cl\/index.php?rest_route=%2Fwp%2Fv2%2Fmedia&parent=3626"}],"wp:term":[{"taxonomy":"category","embeddable":true,"href":"https:\/\/www.radioamigavallenar.cl\/index.php?rest_route=%2Fwp%2Fv2%2Fcategories&post=3626"},{"taxonomy":"post_tag","embeddable":true,"href":"https:\/\/www.radioamigavallenar.cl\/index.php?rest_route=%2Fwp%2Fv2%2Ftags&post=3626"}],"curies":[{"name":"wp","href":"https:\/\/api.w.org\/{rel}","templated":true}]}}