{"id":36238,"date":"2021-02-22T13:40:53","date_gmt":"2021-02-22T16:40:53","guid":{"rendered":"https:\/\/www.radioamigavallenar.cl\/?p=36238"},"modified":"2021-02-22T13:40:53","modified_gmt":"2021-02-22T16:40:53","slug":"toque-de-queda-iniciara-a-las-2300-horas-desde-el-jueves","status":"publish","type":"post","link":"https:\/\/www.radioamigavallenar.cl\/?p=36238","title":{"rendered":"Toque de queda iniciara a las 23:00 horas desde el Jueves"},"content":{"rendered":"<p>La jornada de este lunes, el\u00a0Gobierno anunci\u00f3 un retraso en el toque de queda a nivel nacional.<\/p>\n<p>As\u00ed, la subsecretaria de Prevenci\u00f3n del Delito, Katherine Martorell, inform\u00f3 que la medida que reg\u00eda a partir de las 22:00 horas hasta las 05:00 horas,\u00a0se retrasar\u00e1 para las 23:00 horas a partir del pr\u00f3ximo jueves 25 de febrero.<\/p>\n<p>\u00abEsto es para todo el territorio nacional\u00ab, enfatiz\u00f3 Martorell, en relaci\u00f3n a esta medida que ya hab\u00eda tenido cambios en otras oportunidades.<\/p>\n","protected":false},"excerpt":{"rendered":"<p>La jornada de este lunes, el\u00a0Gobierno anunci\u00f3 un retraso en el toque de queda a nivel nacional. As\u00ed, la subsecretaria de Prevenci\u00f3n del Delito, Katherine&hellip; <\/p>\n","protected":false},"author":2,"featured_media":34263,"comment_status":"open","ping_status":"closed","sticky":false,"template":"","format":"standard","meta":{"footnotes":""},"categories":[38],"tags":[],"class_list":["post-36238","post","type-post","status-publish","format-standard","has-post-thumbnail","hentry","category-portada-regional"],"_links":{"self":[{"href":"https:\/\/www.radioamigavallenar.cl\/index.php?rest_route=\/wp\/v2\/posts\/36238","targetHints":{"allow":["GET"]}}],"collection":[{"href":"https:\/\/www.radioamigavallenar.cl\/index.php?rest_route=\/wp\/v2\/posts"}],"about":[{"href":"https:\/\/www.radioamigavallenar.cl\/index.php?rest_route=\/wp\/v2\/types\/post"}],"author":[{"embeddable":true,"href":"https:\/\/www.radioamigavallenar.cl\/index.php?rest_route=\/wp\/v2\/users\/2"}],"replies":[{"embeddable":true,"href":"https:\/\/www.radioamigavallenar.cl\/index.php?rest_route=%2Fwp%2Fv2%2Fcomments&post=36238"}],"version-history":[{"count":1,"href":"https:\/\/www.radioamigavallenar.cl\/index.php?rest_route=\/wp\/v2\/posts\/36238\/revisions"}],"predecessor-version":[{"id":36239,"href":"https:\/\/www.radioamigavallenar.cl\/index.php?rest_route=\/wp\/v2\/posts\/36238\/revisions\/36239"}],"wp:featuredmedia":[{"embeddable":true,"href":"https:\/\/www.radioamigavallenar.cl\/index.php?rest_route=\/wp\/v2\/media\/34263"}],"wp:attachment":[{"href":"https:\/\/www.radioamigavallenar.cl\/index.php?rest_route=%2Fwp%2Fv2%2Fmedia&parent=36238"}],"wp:term":[{"taxonomy":"category","embeddable":true,"href":"https:\/\/www.radioamigavallenar.cl\/index.php?rest_route=%2Fwp%2Fv2%2Fcategories&post=36238"},{"taxonomy":"post_tag","embeddable":true,"href":"https:\/\/www.radioamigavallenar.cl\/index.php?rest_route=%2Fwp%2Fv2%2Ftags&post=36238"}],"curies":[{"name":"wp","href":"https:\/\/api.w.org\/{rel}","templated":true}]}}