{"id":36236,"date":"2021-02-22T13:23:56","date_gmt":"2021-02-22T16:23:56","guid":{"rendered":"https:\/\/www.radioamigavallenar.cl\/?p=36236"},"modified":"2021-02-22T13:23:56","modified_gmt":"2021-02-22T16:23:56","slug":"jvrh-presento-proyecto-de-abastecimiento-de-agua-para-domeyko-y-carrizalillo","status":"publish","type":"post","link":"https:\/\/www.radioamigavallenar.cl\/?p=36236","title":{"rendered":"JVRH Present\u00f3 Proyecto de Abastecimiento de Agua para Domeyko y Carrizalillo"},"content":{"rendered":"<p>La Junta de Vigilancia de la Cuenca del R\u00edo Huasco y sus Afluentes (JVRH), sostuvo una interesante reuni\u00f3n con parte de la directiva de la Junta de Vecinos de Domeyko y el presidente del Comit\u00e9 de Agua Potable Rural (APR) de la localidad, con el objeto de dar a conocer el Proyecto de Abastecimiento de Agua para Domeyko y Carrizalillo desde el Embalse Santa Juana. La actividad estuvo encabezada por Amadeo Monsalve, Ingeniero Civil, Encargado de Proyectos de la JVRH.<\/p>\n<p>Amadeo Monsalve destac\u00f3 que; la JVRHest\u00e1 realizando un aporte con este proyecto, porque detr\u00e1s del abastecimiento de agua para Domeyko hay un problema social y humano, que dice relaci\u00f3n con proveer de agua a localidades que est\u00e1n pasando periodos de escasez, con probabilidad de que en el futuro no cuenten con agua de los pozos que hoy tienen, proveer de agua potable a Domeyko y Carrizalillo, es\u00a0 relevante y muy positivo, lo cual habla bien de la gesti\u00f3n que esta llevando a cabo la Junta de vigilancia.<\/p>\n<p>Monsalve, agreg\u00f3 que: \u201cfue interesante, desde el punto de vista t\u00e9cnico tener \u00a0la oportunidad de verificar con el presidente del APR, el consumo de agua que tienen en Domeiko, lo cual coincidecon la estimaci\u00f3n que hicimos a trav\u00e9s del estudio que se basa en la informaci\u00f3n existente en documentaci\u00f3n y proyecciones que se hacen en funci\u00f3n de par\u00e1metros recomendados por la Direcci\u00f3n de Obras Hidr\u00e1ulicas (DOH), adem\u00e1s \u00a0de la estimaci\u00f3n de poblaci\u00f3n hecha a partir del censo del a\u00f1o 2017,lo cual calza perfectamente con la informaci\u00f3n actual\u201d.<\/p>\n<p>Pedro Lag\u00fces, presidente de la Junta de Vecinos n\u00famero 8 de Domeyko, se mostr\u00f3 muy satisfecho con la informaci\u00f3n entregada argumentando que: \u201cquer\u00edamos saber de qu\u00e9 se trataba el proyecto de agua potable para Domeyko, fue una reuni\u00f3n muy interesante porque se nos informo sobre el proyecto, como se va a trabajar ycu\u00e1les son los costos; fue una reuni\u00f3n muy productiva\u201d.<\/p>\n<p>Por su parte Diego Godoy, presidente delComit\u00e9 de Agua Potable Rural de Domeyko; agradeci\u00f3 la invitaci\u00f3n hecha por la JVRH y dijo que: \u201cme pareci\u00f3 excelente la informaci\u00f3n entregada por la JVRH, que abre la posibilidad de que este proyecto de agua potable para nuestra localidad se pueda realizar, ya que es prioritario contar con agua en la parte sur de nuestra regi\u00f3n de Atacama, estuvo muy bien presentado el tema, creo que podemos llevarlo a buen t\u00e9rmino\u201d.<\/p>\n<p><strong>\u00a0<\/strong><\/p>\n","protected":false},"excerpt":{"rendered":"<p>La Junta de Vigilancia de la Cuenca del R\u00edo Huasco y sus Afluentes (JVRH), sostuvo una interesante reuni\u00f3n con parte de la directiva de la&hellip; <\/p>\n","protected":false},"author":2,"featured_media":32030,"comment_status":"open","ping_status":"closed","sticky":false,"template":"","format":"standard","meta":{"footnotes":""},"categories":[7],"tags":[],"class_list":["post-36236","post","type-post","status-publish","format-standard","has-post-thumbnail","hentry","category-atacama"],"_links":{"self":[{"href":"https:\/\/www.radioamigavallenar.cl\/index.php?rest_route=\/wp\/v2\/posts\/36236","targetHints":{"allow":["GET"]}}],"collection":[{"href":"https:\/\/www.radioamigavallenar.cl\/index.php?rest_route=\/wp\/v2\/posts"}],"about":[{"href":"https:\/\/www.radioamigavallenar.cl\/index.php?rest_route=\/wp\/v2\/types\/post"}],"author":[{"embeddable":true,"href":"https:\/\/www.radioamigavallenar.cl\/index.php?rest_route=\/wp\/v2\/users\/2"}],"replies":[{"embeddable":true,"href":"https:\/\/www.radioamigavallenar.cl\/index.php?rest_route=%2Fwp%2Fv2%2Fcomments&post=36236"}],"version-history":[{"count":1,"href":"https:\/\/www.radioamigavallenar.cl\/index.php?rest_route=\/wp\/v2\/posts\/36236\/revisions"}],"predecessor-version":[{"id":36237,"href":"https:\/\/www.radioamigavallenar.cl\/index.php?rest_route=\/wp\/v2\/posts\/36236\/revisions\/36237"}],"wp:featuredmedia":[{"embeddable":true,"href":"https:\/\/www.radioamigavallenar.cl\/index.php?rest_route=\/wp\/v2\/media\/32030"}],"wp:attachment":[{"href":"https:\/\/www.radioamigavallenar.cl\/index.php?rest_route=%2Fwp%2Fv2%2Fmedia&parent=36236"}],"wp:term":[{"taxonomy":"category","embeddable":true,"href":"https:\/\/www.radioamigavallenar.cl\/index.php?rest_route=%2Fwp%2Fv2%2Fcategories&post=36236"},{"taxonomy":"post_tag","embeddable":true,"href":"https:\/\/www.radioamigavallenar.cl\/index.php?rest_route=%2Fwp%2Fv2%2Ftags&post=36236"}],"curies":[{"name":"wp","href":"https:\/\/api.w.org\/{rel}","templated":true}]}}