{"id":36226,"date":"2021-02-22T11:20:35","date_gmt":"2021-02-22T14:20:35","guid":{"rendered":"https:\/\/www.radioamigavallenar.cl\/?p=36226"},"modified":"2021-02-22T11:20:35","modified_gmt":"2021-02-22T14:20:35","slug":"sanitaria-nueva-atacama-anuncia-corte-de-agua-para-esta-noche-en-vallenar","status":"publish","type":"post","link":"https:\/\/www.radioamigavallenar.cl\/?p=36226","title":{"rendered":"Sanitaria Nueva Atacama anuncia corte de agua para esta noche en Vallenar"},"content":{"rendered":"<p>En cuatro sectores de la capital de la provincia del Huasco, la empresa sanitaria Nueva Atacama suspender\u00e1 de manera programada el servicio de agua potable.<\/p>\n<p>Los puntos sin suministro ser\u00e1n:\u00a0\u00a0Agua Potable Rural Cuatro Palomas, Castilla, Vista Alegre, el Olivar y Salvador Allende.<\/p>\n<p>\u201cDurante la noche de este lunes 22 de febrero se realizar\u00e1 la instalaci\u00f3n de un medidor de caudal en uno de los estanques de Vallenar, esto para tener un mayor control del flujo del agua potable, debido a esto que desde las 22.30 horas hasta las 04:30 de la madrugada del martes 23 de febrero, se generar\u00e1 un corte programado\u201d, detall\u00f3 el jefe de Comunicaciones y Comunidades de Nueva Atacama, Sebasti\u00e1n Espinoza.<\/p>\n<p>Desde la empresa indican que se tomar\u00e1n todos los resguardos sanitarios para llevar a cabo sin contratiempos estos trabajos, mismos cuidados que se est\u00e1n tomando para una interrupci\u00f3n de suministro en la localidad de Freirina.<\/p>\n<p><strong>Corte de agua potable en Freirina<\/strong><\/p>\n<p>Para el d\u00eda mi\u00e9rcoles 24 de febrero, se contempla un corte programado que abarca el sector; El Minero, desde la calle El Cobre a La Plata y desde calle El Plomo a La Virgen, a partir de las 19:00 hasta las 23:45 hrs.<\/p>\n<p>Ante dudas o consultas por ambos cortes, la ciudadan\u00eda puede contactarse a trav\u00e9s del fono clientes de Nueva Atacama 600 520 6000, o pueden hacerlo tambi\u00e9n en la sucursal virtual accediendo en la p\u00e1gina web o la aplicaci\u00f3n gratuita de celulares Nueva Atacama o en las redes sociales de la compa\u00f1\u00eda (Twitter @NuevaAtacama Fans Page de Facebook: NuevaAtacamaOficial.<\/p>\n","protected":false},"excerpt":{"rendered":"<p>En cuatro sectores de la capital de la provincia del Huasco, la empresa sanitaria Nueva Atacama suspender\u00e1 de manera programada el servicio de agua potable.&hellip; <\/p>\n","protected":false},"author":2,"featured_media":35819,"comment_status":"open","ping_status":"closed","sticky":false,"template":"","format":"standard","meta":{"footnotes":""},"categories":[38],"tags":[],"class_list":["post-36226","post","type-post","status-publish","format-standard","has-post-thumbnail","hentry","category-portada-regional"],"_links":{"self":[{"href":"https:\/\/www.radioamigavallenar.cl\/index.php?rest_route=\/wp\/v2\/posts\/36226","targetHints":{"allow":["GET"]}}],"collection":[{"href":"https:\/\/www.radioamigavallenar.cl\/index.php?rest_route=\/wp\/v2\/posts"}],"about":[{"href":"https:\/\/www.radioamigavallenar.cl\/index.php?rest_route=\/wp\/v2\/types\/post"}],"author":[{"embeddable":true,"href":"https:\/\/www.radioamigavallenar.cl\/index.php?rest_route=\/wp\/v2\/users\/2"}],"replies":[{"embeddable":true,"href":"https:\/\/www.radioamigavallenar.cl\/index.php?rest_route=%2Fwp%2Fv2%2Fcomments&post=36226"}],"version-history":[{"count":1,"href":"https:\/\/www.radioamigavallenar.cl\/index.php?rest_route=\/wp\/v2\/posts\/36226\/revisions"}],"predecessor-version":[{"id":36227,"href":"https:\/\/www.radioamigavallenar.cl\/index.php?rest_route=\/wp\/v2\/posts\/36226\/revisions\/36227"}],"wp:featuredmedia":[{"embeddable":true,"href":"https:\/\/www.radioamigavallenar.cl\/index.php?rest_route=\/wp\/v2\/media\/35819"}],"wp:attachment":[{"href":"https:\/\/www.radioamigavallenar.cl\/index.php?rest_route=%2Fwp%2Fv2%2Fmedia&parent=36226"}],"wp:term":[{"taxonomy":"category","embeddable":true,"href":"https:\/\/www.radioamigavallenar.cl\/index.php?rest_route=%2Fwp%2Fv2%2Fcategories&post=36226"},{"taxonomy":"post_tag","embeddable":true,"href":"https:\/\/www.radioamigavallenar.cl\/index.php?rest_route=%2Fwp%2Fv2%2Ftags&post=36226"}],"curies":[{"name":"wp","href":"https:\/\/api.w.org\/{rel}","templated":true}]}}