{"id":3621,"date":"2017-01-17T11:30:52","date_gmt":"2017-01-17T14:30:52","guid":{"rendered":"http:\/\/www.radioamigavallenar.cl\/?p=3621"},"modified":"2017-01-17T11:30:52","modified_gmt":"2017-01-17T14:30:52","slug":"oficina-municipal-de-la-juventud-finaliza-con-exito-ciclo-de-talleres-en-vallenar","status":"publish","type":"post","link":"https:\/\/www.radioamigavallenar.cl\/?p=3621","title":{"rendered":"Oficina Municipal de la Juventud finaliza con \u00e9xito ciclo de talleres en Vallenar"},"content":{"rendered":"<p style=\"text-align: justify;\"><a href=\"http:\/\/www.radioamigavallenar.cl\/wp-content\/uploads\/2017\/01\/Cierre-Talleres-OMJ-Vallenar-7.jpg\"><img loading=\"lazy\" decoding=\"async\" class=\"alignnone size-medium wp-image-3617\" src=\"http:\/\/www.radioamigavallenar.cl\/wp-content\/uploads\/2017\/01\/Cierre-Talleres-OMJ-Vallenar-7-300x225.jpg\" alt=\"Cierre Talleres OMJ Vallenar (7)\" width=\"300\" height=\"225\" srcset=\"https:\/\/www.radioamigavallenar.cl\/wp-content\/uploads\/2017\/01\/Cierre-Talleres-OMJ-Vallenar-7-300x225.jpg 300w, https:\/\/www.radioamigavallenar.cl\/wp-content\/uploads\/2017\/01\/Cierre-Talleres-OMJ-Vallenar-7.jpg 700w\" sizes=\"auto, (max-width: 300px) 100vw, 300px\" \/><\/a> <a href=\"http:\/\/www.radioamigavallenar.cl\/wp-content\/uploads\/2017\/01\/Cierre-Talleres-OMJ-Vallenar-1.jpg\"><img loading=\"lazy\" decoding=\"async\" class=\" size-medium wp-image-3613 alignright\" src=\"http:\/\/www.radioamigavallenar.cl\/wp-content\/uploads\/2017\/01\/Cierre-Talleres-OMJ-Vallenar-1-300x200.jpg\" alt=\"Cierre Talleres OMJ Vallenar (1)\" width=\"300\" height=\"200\" srcset=\"https:\/\/www.radioamigavallenar.cl\/wp-content\/uploads\/2017\/01\/Cierre-Talleres-OMJ-Vallenar-1-300x200.jpg 300w, https:\/\/www.radioamigavallenar.cl\/wp-content\/uploads\/2017\/01\/Cierre-Talleres-OMJ-Vallenar-1.jpg 700w\" sizes=\"auto, (max-width: 300px) 100vw, 300px\" \/><\/a><\/p>\n<p style=\"text-align: justify;\">Durante tres meses, j\u00f3venes entre 14 y 29 a\u00f1os, se vieron beneficiados con diferentes talleres que brind\u00f3 la Oficina Municipal de la Juventud \u2013OMJ- de Vallenar, gracias a los proyectos \u201cEl Arte es Mi Oficio\u201d y el \u201cDeporte Alternativo en Mi Escuela\u201d, los cuales fueron financiados por el Fondo Nacional de Desarrollo Regional \u2013FNDR- Glosa 2% Cultura y Deportes.<\/p>\n<p style=\"text-align: justify;\">\u201cNosotros durante el 2016 estuvimos desarrollando el proyecto FNDR que contempl\u00f3 la realizaci\u00f3n de cinco talleres para j\u00f3venes y tambi\u00e9n para la comunidad en general, pero m\u00e1s enfocados en los j\u00f3venes, que fue taller de m\u00fasica, Yoga, biocontrucci\u00f3n, Pintura y Fotograf\u00eda\u201d, coment\u00f3 Claudio Huanchicay, encargado de la OMJ. Adem\u00e1s se realizaron los talleres destinado a los j\u00f3venes que desearon aprender t\u00e9cnicas y nuevas destrezas en BMX y Skateboarding.<\/p>\n<p style=\"text-align: justify;\">Para cerrar este ciclo de talleres que se realizaron en la capital provincial del Huasco, la OMJ organiz\u00f3 intervenciones que permitieron mostrar a la comunidad, los trabajos realizados por los beneficiarios y adem\u00e1s, para que conocieran de cerca, los talentos que existen en el \u00e1mbito de la fotograf\u00eda, pintura, deportes alternativos y la m\u00fasica.<\/p>\n<p style=\"text-align: justify;\"><strong>OMJ 2017<\/strong><\/p>\n<p style=\"text-align: justify;\">Referente a la proyecci\u00f3n que tiene la OMJ para este 2017, Claudio agreg\u00f3 que \u201cvamos a seguir trabajando en el \u00e1rea art\u00edstica y deportiva con los j\u00f3venes y tambi\u00e9n, enfocarnos harto en el \u00e1rea de la personalidad jur\u00eddica de muchas organizaciones juveniles que est\u00e1n inactivas, entonces vamos a motivar la actualizaci\u00f3n de su directiva y su personalidad jur\u00eddica, para que puedan independizarse un poco y postular a sus propios proyectos y sus propias ideas\u201d.<\/p>\n<p style=\"text-align: justify;\">As\u00ed que j\u00f3venes, si tienen una organizaci\u00f3n, o quieren formar una, no dudes en dirigirte a la Oficina Municipal de la Juventud, la cual se ubica en el segundo piso del edificio donde se encuentra el Juzgado de Polic\u00eda Local, frente a la Plaza Ambrosio O\u00b4Higgins. Horario de atenci\u00f3n de 8:45 a 13:45 horas en la ma\u00f1ana y de 15:00 a 17:00 horas en la tarde.<\/p>\n<p style=\"text-align: justify;\"><a href=\"http:\/\/www.radioamigavallenar.cl\/wp-content\/uploads\/2017\/01\/Cierre-Talleres-OMJ-Vallenar-7.jpg\"><img loading=\"lazy\" decoding=\"async\" class=\"alignnone size-medium wp-image-3617\" src=\"http:\/\/www.radioamigavallenar.cl\/wp-content\/uploads\/2017\/01\/Cierre-Talleres-OMJ-Vallenar-7-300x225.jpg\" alt=\"Cierre Talleres OMJ Vallenar (7)\" width=\"300\" height=\"225\" srcset=\"https:\/\/www.radioamigavallenar.cl\/wp-content\/uploads\/2017\/01\/Cierre-Talleres-OMJ-Vallenar-7-300x225.jpg 300w, https:\/\/www.radioamigavallenar.cl\/wp-content\/uploads\/2017\/01\/Cierre-Talleres-OMJ-Vallenar-7.jpg 700w\" sizes=\"auto, (max-width: 300px) 100vw, 300px\" \/><\/a> <a href=\"http:\/\/www.radioamigavallenar.cl\/wp-content\/uploads\/2017\/01\/Cierre-Talleres-OMJ-Vallenar-4.jpg\"><img loading=\"lazy\" decoding=\"async\" class=\" size-medium wp-image-3615 alignright\" src=\"http:\/\/www.radioamigavallenar.cl\/wp-content\/uploads\/2017\/01\/Cierre-Talleres-OMJ-Vallenar-4-300x200.jpg\" alt=\"Cierre Talleres OMJ Vallenar (4)\" width=\"300\" height=\"200\" srcset=\"https:\/\/www.radioamigavallenar.cl\/wp-content\/uploads\/2017\/01\/Cierre-Talleres-OMJ-Vallenar-4-300x200.jpg 300w, https:\/\/www.radioamigavallenar.cl\/wp-content\/uploads\/2017\/01\/Cierre-Talleres-OMJ-Vallenar-4.jpg 700w\" sizes=\"auto, (max-width: 300px) 100vw, 300px\" \/><\/a><\/p>\n<p>&nbsp;<\/p>\n","protected":false},"excerpt":{"rendered":"<p>Durante tres meses, j\u00f3venes entre 14 y 29 a\u00f1os, se vieron beneficiados con diferentes talleres que brind\u00f3 la Oficina Municipal de la Juventud \u2013OMJ- de&hellip; <\/p>\n","protected":false},"author":2,"featured_media":3616,"comment_status":"open","ping_status":"closed","sticky":false,"template":"","format":"standard","meta":{"footnotes":""},"categories":[8],"tags":[],"class_list":["post-3621","post","type-post","status-publish","format-standard","has-post-thumbnail","hentry","category-deportes"],"_links":{"self":[{"href":"https:\/\/www.radioamigavallenar.cl\/index.php?rest_route=\/wp\/v2\/posts\/3621","targetHints":{"allow":["GET"]}}],"collection":[{"href":"https:\/\/www.radioamigavallenar.cl\/index.php?rest_route=\/wp\/v2\/posts"}],"about":[{"href":"https:\/\/www.radioamigavallenar.cl\/index.php?rest_route=\/wp\/v2\/types\/post"}],"author":[{"embeddable":true,"href":"https:\/\/www.radioamigavallenar.cl\/index.php?rest_route=\/wp\/v2\/users\/2"}],"replies":[{"embeddable":true,"href":"https:\/\/www.radioamigavallenar.cl\/index.php?rest_route=%2Fwp%2Fv2%2Fcomments&post=3621"}],"version-history":[{"count":0,"href":"https:\/\/www.radioamigavallenar.cl\/index.php?rest_route=\/wp\/v2\/posts\/3621\/revisions"}],"wp:featuredmedia":[{"embeddable":true,"href":"https:\/\/www.radioamigavallenar.cl\/index.php?rest_route=\/wp\/v2\/media\/3616"}],"wp:attachment":[{"href":"https:\/\/www.radioamigavallenar.cl\/index.php?rest_route=%2Fwp%2Fv2%2Fmedia&parent=3621"}],"wp:term":[{"taxonomy":"category","embeddable":true,"href":"https:\/\/www.radioamigavallenar.cl\/index.php?rest_route=%2Fwp%2Fv2%2Fcategories&post=3621"},{"taxonomy":"post_tag","embeddable":true,"href":"https:\/\/www.radioamigavallenar.cl\/index.php?rest_route=%2Fwp%2Fv2%2Ftags&post=3621"}],"curies":[{"name":"wp","href":"https:\/\/api.w.org\/{rel}","templated":true}]}}