{"id":3601,"date":"2017-01-17T10:55:55","date_gmt":"2017-01-17T13:55:55","guid":{"rendered":"http:\/\/www.radioamigavallenar.cl\/?p=3601"},"modified":"2017-01-17T11:05:49","modified_gmt":"2017-01-17T14:05:49","slug":"programa-renacer-con-esperanza-realiza-campana-preventiva-durante-el-periodo-estival-en-vallenar","status":"publish","type":"post","link":"https:\/\/www.radioamigavallenar.cl\/?p=3601","title":{"rendered":"(AUDIO) Programa Renacer con Esperanza realiza Campa\u00f1a Preventiva durante el periodo estival en Vallenar"},"content":{"rendered":"<p style=\"text-align: justify;\"><a href=\"http:\/\/www.radioamigavallenar.cl\/wp-content\/uploads\/2017\/01\/Campa\u00f1a-Preventiva-en-Vallenar-6.jpg\"><img loading=\"lazy\" decoding=\"async\" class=\" size-medium wp-image-3603 aligncenter\" src=\"http:\/\/www.radioamigavallenar.cl\/wp-content\/uploads\/2017\/01\/Campa\u00f1a-Preventiva-en-Vallenar-6-300x169.jpg\" alt=\"Campa\u00f1a Preventiva en Vallenar (6)\" width=\"300\" height=\"169\" srcset=\"https:\/\/www.radioamigavallenar.cl\/wp-content\/uploads\/2017\/01\/Campa\u00f1a-Preventiva-en-Vallenar-6-300x169.jpg 300w, https:\/\/www.radioamigavallenar.cl\/wp-content\/uploads\/2017\/01\/Campa\u00f1a-Preventiva-en-Vallenar-6.jpg 700w\" sizes=\"auto, (max-width: 300px) 100vw, 300px\" \/><\/a><\/p>\n<p style=\"text-align: justify;\">La Municipalidad de Vallenar a trav\u00e9s del Programa Renacer con Esperanza del Departamento Gesti\u00f3n Territorial, est\u00e1 desarrollando durante el periodo estival, la Campa\u00f1a Preventiva \u201cVerano Seguro, Todos Juntos por el Buen Trato\u201d, la cual se realiza con la entrega de folleter\u00eda por las diferentes calles de la comuna.<\/p>\n<p style=\"text-align: justify;\">Carolina Campillay, sic\u00f3loga del programa mencion\u00f3 que \u201cel jueves reci\u00e9n pasado, se trabaj\u00f3 en el sector de la plaza de la Quinta Valle entregando folleter\u00eda del Denuncia Seguro, as\u00ed como recomendaciones de la prevenci\u00f3n del delito. Por otra parte, el programa durante el mes de enero los d\u00edas jueves va continuar realizando la campa\u00f1a \u201cEn Verano Todos Juntos por el Buen Trato a ni\u00f1os, ni\u00f1as y adolescentes\u201d.<\/p>\n<audio class=\"wp-audio-shortcode\" id=\"audio-3601-1\" preload=\"none\" style=\"width: 100%;\" controls=\"controls\"><source type=\"audio\/mpeg\" src=\"http:\/\/www.radioamigavallenar.cl\/wp-content\/uploads\/2017\/01\/01.-Carolina-Campillay-Cu\u00f1a-1.mp3?_=1\" \/><a href=\"http:\/\/www.radioamigavallenar.cl\/wp-content\/uploads\/2017\/01\/01.-Carolina-Campillay-Cu\u00f1a-1.mp3\">http:\/\/www.radioamigavallenar.cl\/wp-content\/uploads\/2017\/01\/01.-Carolina-Campillay-Cu\u00f1a-1.mp3<\/a><\/audio>\n<p style=\"text-align: justify;\"><strong>CAMPA\u00d1A<\/strong><\/p>\n<p style=\"text-align: justify;\">Esta campa\u00f1a se est\u00e1 ejecutando junto con la Tercera Comisar\u00eda de Vallenar y tiene como objetivo que ni\u00f1os, ni\u00f1as, adolescentes y sus familias, puedan tomar estos periodos de tiempo libre como instancias de aprendizajes y reencuentros afectivos para promover los buenos tratos y cuidados necesarios.<\/p>\n<p style=\"text-align: justify;\">La profesional al referirse sobre la campa\u00f1a agreg\u00f3 que \u201cconsideramos s\u00faper importante este momento para tomar el periodo de tiempo libre como instancia de aprendizaje y de encuentros afectivos para poder sensibilizar a la comunidad vallenarina y promover los buenos tratos y cuidados en la poblaci\u00f3n infantojuvenil a trav\u00e9s de los afectos, del respeto hacia la infancia o para disminuir los maltratos hacia la infancia o adolescentes\u201d.<\/p>\n<audio class=\"wp-audio-shortcode\" id=\"audio-3601-2\" preload=\"none\" style=\"width: 100%;\" controls=\"controls\"><source type=\"audio\/mpeg\" src=\"http:\/\/www.radioamigavallenar.cl\/wp-content\/uploads\/2017\/01\/02.-Carolina-Campillay-Cu\u00f1a-2.mp3?_=2\" \/><a href=\"http:\/\/www.radioamigavallenar.cl\/wp-content\/uploads\/2017\/01\/02.-Carolina-Campillay-Cu\u00f1a-2.mp3\">http:\/\/www.radioamigavallenar.cl\/wp-content\/uploads\/2017\/01\/02.-Carolina-Campillay-Cu\u00f1a-2.mp3<\/a><\/audio>\n<p style=\"text-align: justify;\">Cabe destacar que el Programa Renacer con Esperanza, es un proyecto presentado por el municipio vallenarino al Fondo Nacional de Desarrollo Regional \u2013FNDR- Glosa 2% Seguridad Ciudadana y se ejecutar\u00e1 en la comuna hasta marzo del 2017.<\/p>\n<p style=\"text-align: justify;\">\u201cHacemos la invitaci\u00f3n a la comunidad, para que pueda estar presente junto a Pen\u00e9lope con nuestro programa entregando folleter\u00eda, nuestros imantados, las lapiceras para que las personas tambi\u00e9n lleven esta informaci\u00f3n y la puedan compartir en familia junto a la comunidad\u201d, puntualiz\u00f3 Carolina.<\/p>\n<audio class=\"wp-audio-shortcode\" id=\"audio-3601-3\" preload=\"none\" style=\"width: 100%;\" controls=\"controls\"><source type=\"audio\/mpeg\" src=\"http:\/\/www.radioamigavallenar.cl\/wp-content\/uploads\/2017\/01\/03.-Carolina-Campillay-Cu\u00f1a-3.mp3?_=3\" \/><a href=\"http:\/\/www.radioamigavallenar.cl\/wp-content\/uploads\/2017\/01\/03.-Carolina-Campillay-Cu\u00f1a-3.mp3\">http:\/\/www.radioamigavallenar.cl\/wp-content\/uploads\/2017\/01\/03.-Carolina-Campillay-Cu\u00f1a-3.mp3<\/a><\/audio>\n<p style=\"text-align: justify;\"><strong>BUEN TRATO<\/strong><\/p>\n<p style=\"text-align: justify;\">Seg\u00fan la folleter\u00eda entregada por el Programa Renacer con Esperanza, cuando se habla de buen trato para ni\u00f1os, ni\u00f1as y adolescentes se refiere a: cuando existe respeto y no se vulneran sus derechos; cuando se distribuyen las tareas del hogar de manera positiva; cuando me ayudan a mejorar de manera positiva problem\u00e1ticas que me afecten; cuando me escuchan con atenci\u00f3n, sin enjuiciar, ni criticar, favoreciendo la comunicaci\u00f3n y cuando los adultos resuelven los problemas en calma y no con exaltaci\u00f3n.<\/p>\n<p style=\"text-align: justify;\">Adem\u00e1s en la folleter\u00eda se promueven los Derechos de la Infancia entre ellos encontramos Igualdad, Identidad, Amor, Educaci\u00f3n, Protecci\u00f3n, Calidad de Vida, Solidaridad e Integraci\u00f3n entre otras.<\/p>\n","protected":false},"excerpt":{"rendered":"<p>La Municipalidad de Vallenar a trav\u00e9s del Programa Renacer con Esperanza del Departamento Gesti\u00f3n Territorial, est\u00e1 desarrollando durante el periodo estival, la Campa\u00f1a Preventiva \u201cVerano&hellip; <\/p>\n","protected":false},"author":2,"featured_media":3602,"comment_status":"open","ping_status":"closed","sticky":false,"template":"","format":"standard","meta":{"footnotes":""},"categories":[6],"tags":[],"class_list":["post-3601","post","type-post","status-publish","format-standard","has-post-thumbnail","hentry","category-policial"],"_links":{"self":[{"href":"https:\/\/www.radioamigavallenar.cl\/index.php?rest_route=\/wp\/v2\/posts\/3601","targetHints":{"allow":["GET"]}}],"collection":[{"href":"https:\/\/www.radioamigavallenar.cl\/index.php?rest_route=\/wp\/v2\/posts"}],"about":[{"href":"https:\/\/www.radioamigavallenar.cl\/index.php?rest_route=\/wp\/v2\/types\/post"}],"author":[{"embeddable":true,"href":"https:\/\/www.radioamigavallenar.cl\/index.php?rest_route=\/wp\/v2\/users\/2"}],"replies":[{"embeddable":true,"href":"https:\/\/www.radioamigavallenar.cl\/index.php?rest_route=%2Fwp%2Fv2%2Fcomments&post=3601"}],"version-history":[{"count":0,"href":"https:\/\/www.radioamigavallenar.cl\/index.php?rest_route=\/wp\/v2\/posts\/3601\/revisions"}],"wp:featuredmedia":[{"embeddable":true,"href":"https:\/\/www.radioamigavallenar.cl\/index.php?rest_route=\/wp\/v2\/media\/3602"}],"wp:attachment":[{"href":"https:\/\/www.radioamigavallenar.cl\/index.php?rest_route=%2Fwp%2Fv2%2Fmedia&parent=3601"}],"wp:term":[{"taxonomy":"category","embeddable":true,"href":"https:\/\/www.radioamigavallenar.cl\/index.php?rest_route=%2Fwp%2Fv2%2Fcategories&post=3601"},{"taxonomy":"post_tag","embeddable":true,"href":"https:\/\/www.radioamigavallenar.cl\/index.php?rest_route=%2Fwp%2Fv2%2Ftags&post=3601"}],"curies":[{"name":"wp","href":"https:\/\/api.w.org\/{rel}","templated":true}]}}