{"id":35707,"date":"2021-02-08T08:00:08","date_gmt":"2021-02-08T11:00:08","guid":{"rendered":"https:\/\/www.radioamigavallenar.cl\/?p=35707"},"modified":"2021-02-07T21:49:23","modified_gmt":"2021-02-08T00:49:23","slug":"atacama-entre-las-4-regiones-con-mayor-aumento-de-casos-confirmados-en-los-ultimos-7-dias","status":"publish","type":"post","link":"https:\/\/www.radioamigavallenar.cl\/?p=35707","title":{"rendered":"Atacama entre las 4 regiones con mayor aumento de casos confirmados en los \u00faltimos 7 d\u00edas"},"content":{"rendered":"<p>El ministro de Salud, Enrique Paris, inform\u00f3 este domingo que seg\u00fan el reporte COVID-19 de este 7 de febrero de 2021,\u00a0 que la variaci\u00f3n de nuevos casos confirmados a nivel nacional es -12% y -8% para la comparaci\u00f3n de 7 y 14 d\u00edas respectivamente. En tanto 14 regiones disminuyen sus nuevos casos en los \u00faltimos 7 d\u00edas y 10 en los \u00faltimos 14.<\/p>\n<p>Indic\u00f3 que las regiones con mayor aumento de nuevos casos confirmados en los \u00faltimos 7 d\u00edas son: Coquimbo, Tarapac\u00e1, \u00d1uble y Atacama. Agreg\u00f3 que la tasa de positividad en las \u00faltimas 24 horas es 7,2% y el promedio de los \u00faltimos 7 d\u00edas es 7,2%.<\/p>\n<p>Atacama en los \u00faltimos d\u00edas no ha bajado de los 400 casos activos confirmados diarios,\u00a0 siendo el d\u00eda con mayor casos el 01 de febrero cuando se informaron 123 casos diarios de la enfermedad con un n\u00famero de 471 activos.<\/p>\n<p>Recordar que la regi\u00f3n mantendr\u00e1 cuarentena por las pr\u00f3ximas semanas a las comunas de Copiap\u00f3, Diego Almagro y Tierra Amarilla.<\/p>\n","protected":false},"excerpt":{"rendered":"<p>El ministro de Salud, Enrique Paris, inform\u00f3 este domingo que seg\u00fan el reporte COVID-19 de este 7 de febrero de 2021,\u00a0 que la variaci\u00f3n de&hellip; <\/p>\n","protected":false},"author":2,"featured_media":27610,"comment_status":"open","ping_status":"closed","sticky":false,"template":"","format":"standard","meta":{"footnotes":""},"categories":[38],"tags":[],"class_list":["post-35707","post","type-post","status-publish","format-standard","has-post-thumbnail","hentry","category-portada-regional"],"_links":{"self":[{"href":"https:\/\/www.radioamigavallenar.cl\/index.php?rest_route=\/wp\/v2\/posts\/35707","targetHints":{"allow":["GET"]}}],"collection":[{"href":"https:\/\/www.radioamigavallenar.cl\/index.php?rest_route=\/wp\/v2\/posts"}],"about":[{"href":"https:\/\/www.radioamigavallenar.cl\/index.php?rest_route=\/wp\/v2\/types\/post"}],"author":[{"embeddable":true,"href":"https:\/\/www.radioamigavallenar.cl\/index.php?rest_route=\/wp\/v2\/users\/2"}],"replies":[{"embeddable":true,"href":"https:\/\/www.radioamigavallenar.cl\/index.php?rest_route=%2Fwp%2Fv2%2Fcomments&post=35707"}],"version-history":[{"count":1,"href":"https:\/\/www.radioamigavallenar.cl\/index.php?rest_route=\/wp\/v2\/posts\/35707\/revisions"}],"predecessor-version":[{"id":35708,"href":"https:\/\/www.radioamigavallenar.cl\/index.php?rest_route=\/wp\/v2\/posts\/35707\/revisions\/35708"}],"wp:featuredmedia":[{"embeddable":true,"href":"https:\/\/www.radioamigavallenar.cl\/index.php?rest_route=\/wp\/v2\/media\/27610"}],"wp:attachment":[{"href":"https:\/\/www.radioamigavallenar.cl\/index.php?rest_route=%2Fwp%2Fv2%2Fmedia&parent=35707"}],"wp:term":[{"taxonomy":"category","embeddable":true,"href":"https:\/\/www.radioamigavallenar.cl\/index.php?rest_route=%2Fwp%2Fv2%2Fcategories&post=35707"},{"taxonomy":"post_tag","embeddable":true,"href":"https:\/\/www.radioamigavallenar.cl\/index.php?rest_route=%2Fwp%2Fv2%2Ftags&post=35707"}],"curies":[{"name":"wp","href":"https:\/\/api.w.org\/{rel}","templated":true}]}}