{"id":35701,"date":"2021-02-06T12:14:02","date_gmt":"2021-02-06T15:14:02","guid":{"rendered":"https:\/\/www.radioamigavallenar.cl\/?p=35701"},"modified":"2021-02-06T12:14:02","modified_gmt":"2021-02-06T15:14:02","slug":"energia-solar-llegaria-a-casi-7-000-mw-de-potencia-instalada-a-fines-de-este-ano","status":"publish","type":"post","link":"https:\/\/www.radioamigavallenar.cl\/?p=35701","title":{"rendered":"Energ\u00eda solar llegar\u00eda a casi 7.000 MW de potencia instalada a fines de este a\u00f1o"},"content":{"rendered":"<p>Seg\u00fan los datos de Generadoras de Chile, a diciembre pr\u00f3ximo deber\u00edan entrar en operaciones 3.027 MW, lo que se suma a los actuales 336 MW en etapa de pruebas y a los 3.575 MW que est\u00e1n funcionando actualmente.<span id=\"more-236928\"><\/span>La tecnolog\u00eda solar este a\u00f1o se acercar\u00eda a los 7.000 MW de capacidad instalada en el Sistema El\u00e9ctrico Nacional, si es que se cumplen las estimaciones de entrada en operaciones de 3.027 MW, correspondientes a 59 proyectos, durante el presente a\u00f1o, de acuerdo con los datos de<a href=\"http:\/\/www.generadoras.cl\/\" target=\"_blank\" rel=\"noopener noreferrer\">Generadoras de Chile.<\/a><\/p>\n<p>El ingreso de esta cifra se sumar\u00eda a los actuales 3.575 MW de centrales solares que se encuentran actualmente en operaciones, adem\u00e1s de otros 336 MW de iniciativas que est\u00e1n en la etapa de pruebas para interconectarse al sistema, con lo cual se llegar\u00eda a fines de este a\u00f1o a 6.938 MW de potencia instalada.<\/p>\n<p>Seg\u00fan los datos del gremio, el umbral de los 7.000 MW podr\u00eda superarse en febrero de 2022, si es que se materializa la entrada en servicio del proyecto Andes II B, de AES Gener, de 245 MW, que se emplazar\u00e1 en la Regi\u00f3n de Antofagasta, que es la zona donde m\u00e1s se concentrar\u00e1n las centrales que entrar\u00e1n pr\u00f3ximamente en operaciones.<\/p>\n<p>Las iniciativas solares de mayor tama\u00f1o que est\u00e1n en pruebas son el Parque Fotovoltaico San Pedro (106 MW) y el Parque Fotovoltaico Azabache (59,8 MW). Los dem\u00e1s proyectos con esta tecnolog\u00eda en la misma situaci\u00f3n son Peque\u00f1os Medios de Generaci\u00f3n Distribuida (PMGD).<\/p>\n<p>Por su parte, los proyectos en construcci\u00f3n de mayor magnitud que entrar\u00edan en marcha este a\u00f1o son Campos del Sol I, de Enel Green Power, con 321 MW, adem\u00e1s del Parque Fotovoltaico Santa Isabel Etapa I, de Total EREN, con 200 MW, y el Proyecto Solar Escondido, de Mainstream Renewable Power, con 195 MW.<\/p>\n","protected":false},"excerpt":{"rendered":"<p>Seg\u00fan los datos de Generadoras de Chile, a diciembre pr\u00f3ximo deber\u00edan entrar en operaciones 3.027 MW, lo que se suma a los actuales 336 MW&hellip; <\/p>\n","protected":false},"author":2,"featured_media":29063,"comment_status":"open","ping_status":"closed","sticky":false,"template":"","format":"standard","meta":{"footnotes":""},"categories":[38],"tags":[],"class_list":["post-35701","post","type-post","status-publish","format-standard","has-post-thumbnail","hentry","category-portada-regional"],"_links":{"self":[{"href":"https:\/\/www.radioamigavallenar.cl\/index.php?rest_route=\/wp\/v2\/posts\/35701","targetHints":{"allow":["GET"]}}],"collection":[{"href":"https:\/\/www.radioamigavallenar.cl\/index.php?rest_route=\/wp\/v2\/posts"}],"about":[{"href":"https:\/\/www.radioamigavallenar.cl\/index.php?rest_route=\/wp\/v2\/types\/post"}],"author":[{"embeddable":true,"href":"https:\/\/www.radioamigavallenar.cl\/index.php?rest_route=\/wp\/v2\/users\/2"}],"replies":[{"embeddable":true,"href":"https:\/\/www.radioamigavallenar.cl\/index.php?rest_route=%2Fwp%2Fv2%2Fcomments&post=35701"}],"version-history":[{"count":1,"href":"https:\/\/www.radioamigavallenar.cl\/index.php?rest_route=\/wp\/v2\/posts\/35701\/revisions"}],"predecessor-version":[{"id":35702,"href":"https:\/\/www.radioamigavallenar.cl\/index.php?rest_route=\/wp\/v2\/posts\/35701\/revisions\/35702"}],"wp:featuredmedia":[{"embeddable":true,"href":"https:\/\/www.radioamigavallenar.cl\/index.php?rest_route=\/wp\/v2\/media\/29063"}],"wp:attachment":[{"href":"https:\/\/www.radioamigavallenar.cl\/index.php?rest_route=%2Fwp%2Fv2%2Fmedia&parent=35701"}],"wp:term":[{"taxonomy":"category","embeddable":true,"href":"https:\/\/www.radioamigavallenar.cl\/index.php?rest_route=%2Fwp%2Fv2%2Fcategories&post=35701"},{"taxonomy":"post_tag","embeddable":true,"href":"https:\/\/www.radioamigavallenar.cl\/index.php?rest_route=%2Fwp%2Fv2%2Ftags&post=35701"}],"curies":[{"name":"wp","href":"https:\/\/api.w.org\/{rel}","templated":true}]}}