{"id":35699,"date":"2021-02-06T12:10:22","date_gmt":"2021-02-06T15:10:22","guid":{"rendered":"https:\/\/www.radioamigavallenar.cl\/?p=35699"},"modified":"2021-02-06T12:10:22","modified_gmt":"2021-02-06T15:10:22","slug":"municipalidad-de-vallenar-implementara-beca-estudiantil-que-sustituira-hogar-universitario","status":"publish","type":"post","link":"https:\/\/www.radioamigavallenar.cl\/?p=35699","title":{"rendered":"MUNICIPALIDAD DE VALLENAR IMPLEMENTAR\u00c1 BECA ESTUDIANTIL QUE SUSTITUIR\u00c1 HOGAR UNIVERSITARIO"},"content":{"rendered":"<p>El alcalde de la comuna de Vallenar V\u00edctor Isla Lutz, anunci\u00f3 que, dentro de los pr\u00f3ximos d\u00edas, se implementar\u00e1 una nueva beca municipal inclusiva, la cual, vendr\u00e1 a reemplazar el hogar universitario que existe en la ciudad de La Serena, ya que, este beneficio marginaba a mujeres y alumnos que no estudian en dicha ciudad.<\/p>\n<p>\u201cEl hogar universitario le cuesta a la administraci\u00f3n municipal alrededor de 5 millones de pesos mensuales y solo beneficia a una parte de la poblaci\u00f3n, es por ello que queremos ampliar el espectro de beneficiarios con esta nueva beca, que, no solo beneficiar\u00e1 a varones que estudian en La Serena, si no que a hombres y mujeres que se encuentren cursando sus estudios superiores en cualquier lugar de Chile\u201d explic\u00f3 el Alcalde Isla.<\/p>\n<p>Adem\u00e1s, se\u00f1al\u00f3 que \u201cen su momento, esta residencia estudiantil claramente cumpli\u00f3 sus objetivos, dado que la ciudad de La Serena ofrec\u00eda la mayor oferta acad\u00e9mica para la educaci\u00f3n superior, pero, al d\u00eda de hoy, las exigencias son otras y los estudiantes aspiran a cursar sus estudios en otras ciudades, por lo cual, la residencia se ha tornado ineficiente y discriminatoria, por tanto, es una obligaci\u00f3n de la nueva administraci\u00f3n municipal reformular el beneficio, para efectos de optimizar los recursos p\u00fablicos\u201d.<\/p>\n<p>Cabe destacar que, durante el a\u00f1o reci\u00e9n pasado, y producto de la pandemia, esta residencia no fue utilizada durante meses por los alumnos vallenarinos, pero, el municipio, de igual manera tuvo que asumir el compromiso de seguir pagando de manera mensual los gastos de mantenci\u00f3n, gastos comunes, y pago de personal. Adem\u00e1s, se estima que la modalidad de estudios online o semi presencial, se mantenga durante este 2021.<\/p>\n<p>\u201cEsto no significa que dejemos a los estudiantes sin beneficio, al contrario, los estudiantes que fueron beneficiados con el hogar, continuar\u00e1n con este nuevo beneficio, e incluiremos a m\u00e1s beneficiados a trav\u00e9s de postulaci\u00f3n, realidad econ\u00f3mica y rendimiento educativo\u201d. Finaliz\u00f3 el edil.<\/p>\n","protected":false},"excerpt":{"rendered":"<p>El alcalde de la comuna de Vallenar V\u00edctor Isla Lutz, anunci\u00f3 que, dentro de los pr\u00f3ximos d\u00edas, se implementar\u00e1 una nueva beca municipal inclusiva, la&hellip; <\/p>\n","protected":false},"author":2,"featured_media":0,"comment_status":"open","ping_status":"closed","sticky":false,"template":"","format":"standard","meta":{"footnotes":""},"categories":[38],"tags":[],"class_list":["post-35699","post","type-post","status-publish","format-standard","hentry","category-portada-regional"],"_links":{"self":[{"href":"https:\/\/www.radioamigavallenar.cl\/index.php?rest_route=\/wp\/v2\/posts\/35699","targetHints":{"allow":["GET"]}}],"collection":[{"href":"https:\/\/www.radioamigavallenar.cl\/index.php?rest_route=\/wp\/v2\/posts"}],"about":[{"href":"https:\/\/www.radioamigavallenar.cl\/index.php?rest_route=\/wp\/v2\/types\/post"}],"author":[{"embeddable":true,"href":"https:\/\/www.radioamigavallenar.cl\/index.php?rest_route=\/wp\/v2\/users\/2"}],"replies":[{"embeddable":true,"href":"https:\/\/www.radioamigavallenar.cl\/index.php?rest_route=%2Fwp%2Fv2%2Fcomments&post=35699"}],"version-history":[{"count":1,"href":"https:\/\/www.radioamigavallenar.cl\/index.php?rest_route=\/wp\/v2\/posts\/35699\/revisions"}],"predecessor-version":[{"id":35700,"href":"https:\/\/www.radioamigavallenar.cl\/index.php?rest_route=\/wp\/v2\/posts\/35699\/revisions\/35700"}],"wp:attachment":[{"href":"https:\/\/www.radioamigavallenar.cl\/index.php?rest_route=%2Fwp%2Fv2%2Fmedia&parent=35699"}],"wp:term":[{"taxonomy":"category","embeddable":true,"href":"https:\/\/www.radioamigavallenar.cl\/index.php?rest_route=%2Fwp%2Fv2%2Fcategories&post=35699"},{"taxonomy":"post_tag","embeddable":true,"href":"https:\/\/www.radioamigavallenar.cl\/index.php?rest_route=%2Fwp%2Fv2%2Ftags&post=35699"}],"curies":[{"name":"wp","href":"https:\/\/api.w.org\/{rel}","templated":true}]}}