{"id":35695,"date":"2021-02-06T09:19:48","date_gmt":"2021-02-06T12:19:48","guid":{"rendered":"https:\/\/www.radioamigavallenar.cl\/?p=35695"},"modified":"2021-02-06T09:19:48","modified_gmt":"2021-02-06T12:19:48","slug":"seremi-del-trabajo-s-indica-condiciones-laborales-que-se-aplican-a-trabajadores-en-comunas-con-cuarentena","status":"publish","type":"post","link":"https:\/\/www.radioamigavallenar.cl\/?p=35695","title":{"rendered":"Seremi del Trabajo (S) indica condiciones laborales que se aplican a trabajadores en comunas con cuarentena"},"content":{"rendered":"<p>La Autoridad Sanitaria anunci\u00f3 que desde este d\u00eda s\u00e1bado 6 de febrero, y a contar las 05 am la comuna de Copiap\u00f3 retrocede el plan paso a paso, quedando en fase 1, es decir, de esta forma rigiendo la cuarentena.<\/p>\n<p>En este contexto, la Seremi del Trabajo y Previsi\u00f3n Social (S) de Atacama, Pamela Orellana, explic\u00f3 c\u00f3mo afecta este retroceso a los trabajadores de la capital regional.<\/p>\n<p>Cabe destacar que, Copiap\u00f3 entra en cuarentena obligatoria producto del aumento sostenido de los casos activos por covid-19. Sin embargo, existen ciertos trabajos y servicios que son considerados como esenciales, la autoridad explic\u00f3 que \u201cson aquellas actividades que por su naturaleza no pueden detenerse y cuya interrupci\u00f3n genera una alteraci\u00f3n para el funcionamiento del pa\u00eds\u201d<\/p>\n<p>Acot\u00f3 que, \u201cpodemos categorizar estos permisos, en nueve \u00e1reas que son; salud, emergencias, servicios de utilidad p\u00fablica, sector p\u00fablico, alimento y comercio, transporte, seguridad, prensa y educaci\u00f3n\u201d.<\/p>\n<p>En el caso del rubro de la construcci\u00f3n, desde la C\u00e1mara Chilena de la Construcci\u00f3n (CChC) Copiap\u00f3, su presidente, Guillermo Ram\u00edrez, explic\u00f3 que \u201clas obras p\u00fablicas, por el significado que tienen para la calidad de vida de la comunidad y su impacto en el empleo, van a poder continuar operando en cuarentena por ser consideradas esenciales, del mismo modo que la construcci\u00f3n privada, tomando en cuenta los bajos \u00edndices de contagio que tiene el sector a nivel regional y nacional, fue definida como actividad segura, por lo que cumpliendo una serie de requisitos definidos por el Ministerio de Econom\u00eda, podr\u00e1 seguir funcionando, siempre en base al cumplimiento de estrictos protocolos sanitarios que como gremio estamos impulsando e incluso haciendo un seguimiento con nuestras empresas socias de su aplicaci\u00f3n en terreno\u201d.<\/p>\n<p>Precis\u00f3 adem\u00e1s que los trabajadores y funcionarios que se encuentren categorizados en trabajos y servicios esenciales necesitar\u00e1n de un Permiso \u00danico Colectivo para dirigirse a su establecimiento laboral el cual debe ser gestionado por su empleador a trav\u00e9s de la p\u00e1gina web https:\/\/comisariavirtual.cl.<\/p>\n<p>Se\u00f1ala la Seremi (s) del Trabajo y Previsi\u00f3n Social de Atacama que, en la misma p\u00e1gina web, se encuentran otros tipos de permisos para las personas como el Permiso Temporal Individual de Desplazamiento. \u201cEstos son instrumentos temporales que autorizan a las personas para realizar actividades fundamentales y abastecerse de bienes y servicios esenciales en comunas que est\u00e1n en cuarentena sanitaria, raz\u00f3n por la cual se les pide a las personas no hacer mal uso de estos permisos y as\u00ed lograr los fines de la cuarentena que es, reducir el contagio en la comuna de Copiap\u00f3, ya que juntos lograremos salir de esta pandemia\u201d, recalc\u00f3 finalmente la autoridad.<\/p>\n","protected":false},"excerpt":{"rendered":"<p>La Autoridad Sanitaria anunci\u00f3 que desde este d\u00eda s\u00e1bado 6 de febrero, y a contar las 05 am la comuna de Copiap\u00f3 retrocede el plan&hellip; <\/p>\n","protected":false},"author":2,"featured_media":33619,"comment_status":"open","ping_status":"closed","sticky":false,"template":"","format":"standard","meta":{"footnotes":""},"categories":[7],"tags":[],"class_list":["post-35695","post","type-post","status-publish","format-standard","has-post-thumbnail","hentry","category-atacama"],"_links":{"self":[{"href":"https:\/\/www.radioamigavallenar.cl\/index.php?rest_route=\/wp\/v2\/posts\/35695","targetHints":{"allow":["GET"]}}],"collection":[{"href":"https:\/\/www.radioamigavallenar.cl\/index.php?rest_route=\/wp\/v2\/posts"}],"about":[{"href":"https:\/\/www.radioamigavallenar.cl\/index.php?rest_route=\/wp\/v2\/types\/post"}],"author":[{"embeddable":true,"href":"https:\/\/www.radioamigavallenar.cl\/index.php?rest_route=\/wp\/v2\/users\/2"}],"replies":[{"embeddable":true,"href":"https:\/\/www.radioamigavallenar.cl\/index.php?rest_route=%2Fwp%2Fv2%2Fcomments&post=35695"}],"version-history":[{"count":1,"href":"https:\/\/www.radioamigavallenar.cl\/index.php?rest_route=\/wp\/v2\/posts\/35695\/revisions"}],"predecessor-version":[{"id":35696,"href":"https:\/\/www.radioamigavallenar.cl\/index.php?rest_route=\/wp\/v2\/posts\/35695\/revisions\/35696"}],"wp:featuredmedia":[{"embeddable":true,"href":"https:\/\/www.radioamigavallenar.cl\/index.php?rest_route=\/wp\/v2\/media\/33619"}],"wp:attachment":[{"href":"https:\/\/www.radioamigavallenar.cl\/index.php?rest_route=%2Fwp%2Fv2%2Fmedia&parent=35695"}],"wp:term":[{"taxonomy":"category","embeddable":true,"href":"https:\/\/www.radioamigavallenar.cl\/index.php?rest_route=%2Fwp%2Fv2%2Fcategories&post=35695"},{"taxonomy":"post_tag","embeddable":true,"href":"https:\/\/www.radioamigavallenar.cl\/index.php?rest_route=%2Fwp%2Fv2%2Ftags&post=35695"}],"curies":[{"name":"wp","href":"https:\/\/api.w.org\/{rel}","templated":true}]}}