{"id":35692,"date":"2021-02-06T09:11:09","date_gmt":"2021-02-06T12:11:09","guid":{"rendered":"https:\/\/www.radioamigavallenar.cl\/?p=35692"},"modified":"2021-02-06T09:11:09","modified_gmt":"2021-02-06T12:11:09","slug":"ninos-y-ninas-de-padres-temporeros-se-recrean-y-aprenden-con-programa-de-verano","status":"publish","type":"post","link":"https:\/\/www.radioamigavallenar.cl\/?p=35692","title":{"rendered":"Ni\u00f1os y Ni\u00f1as de padres temporeros se recrean y aprenden con programa de verano"},"content":{"rendered":"<p class=\"v1MsoNormal\">El programa \u201cTrabajo de Temporada y Centros de Cuidados\u201d que encabeza el Ministerio de Desarrollo Social, en conjunto con el Mindep-IND, los municipios y Junaeb, se est\u00e1 realizando exitosamente en la Escuela \u201cEdmundo Quezada Araya\u201d de Vallenar, donde diariamente llegan unos 10 ni\u00f1os y ni\u00f1as que cuentan con un espacio de cuidado, aprendizaje y recreaci\u00f3n, mientras sus padres, madres o cuidadores principales est\u00e1n realizando trabajos de temporada.<\/p>\n<p class=\"v1MsoNormal\">El Seremi del Deporte, Guillermo Procuriza, visit\u00f3 este mi\u00e9rcoles el establecimiento educacional, donde comparti\u00f3 con los ni\u00f1os de 6 a 12 a\u00f1os, quienes participan activamente en las actividades deportivas, recreativas y en la charla de nutrici\u00f3n realizada por la profesional del IND del programa \u201cCrecer en Movimiento\u201d: \u201cEstamos muy contentos de ser parte de este trabajo intersectorial, realizado tambi\u00e9n en Caldera en la Escuela de Desarrollo Art\u00edstico, porque podemos contribuir al proceso formativo y recreativo de los ni\u00f1os\/as con diferentes talleres e iniciativas que los tienen entretenidos durante la jornada\u201d, se\u00f1al\u00f3.<\/p>\n<p class=\"v1MsoNormal\">El Secretario Regional Ministerial, agreg\u00f3 sobre este programa: \u201cEsta iniciativa se desarrolla cumpliendo estrictamente las medidas de prevenci\u00f3n y protecci\u00f3n para evitar posibles contagios en los ni\u00f1os y sus familias, por lo que, como Ministerio del Deporte e IND, seguiremos apoyando este programa que cumple un fin social de ayudar a las familias para que sus hijos e hijas est\u00e9n al cuidado de adultos, en un lugar seguro y con actividades deportivas y recreativas que los educan y entretienen\u201d.<\/p>\n","protected":false},"excerpt":{"rendered":"<p>El programa \u201cTrabajo de Temporada y Centros de Cuidados\u201d que encabeza el Ministerio de Desarrollo Social, en conjunto con el Mindep-IND, los municipios y Junaeb,&hellip; <\/p>\n","protected":false},"author":2,"featured_media":35693,"comment_status":"open","ping_status":"closed","sticky":false,"template":"","format":"standard","meta":{"footnotes":""},"categories":[7],"tags":[],"class_list":["post-35692","post","type-post","status-publish","format-standard","has-post-thumbnail","hentry","category-atacama"],"_links":{"self":[{"href":"https:\/\/www.radioamigavallenar.cl\/index.php?rest_route=\/wp\/v2\/posts\/35692","targetHints":{"allow":["GET"]}}],"collection":[{"href":"https:\/\/www.radioamigavallenar.cl\/index.php?rest_route=\/wp\/v2\/posts"}],"about":[{"href":"https:\/\/www.radioamigavallenar.cl\/index.php?rest_route=\/wp\/v2\/types\/post"}],"author":[{"embeddable":true,"href":"https:\/\/www.radioamigavallenar.cl\/index.php?rest_route=\/wp\/v2\/users\/2"}],"replies":[{"embeddable":true,"href":"https:\/\/www.radioamigavallenar.cl\/index.php?rest_route=%2Fwp%2Fv2%2Fcomments&post=35692"}],"version-history":[{"count":1,"href":"https:\/\/www.radioamigavallenar.cl\/index.php?rest_route=\/wp\/v2\/posts\/35692\/revisions"}],"predecessor-version":[{"id":35694,"href":"https:\/\/www.radioamigavallenar.cl\/index.php?rest_route=\/wp\/v2\/posts\/35692\/revisions\/35694"}],"wp:featuredmedia":[{"embeddable":true,"href":"https:\/\/www.radioamigavallenar.cl\/index.php?rest_route=\/wp\/v2\/media\/35693"}],"wp:attachment":[{"href":"https:\/\/www.radioamigavallenar.cl\/index.php?rest_route=%2Fwp%2Fv2%2Fmedia&parent=35692"}],"wp:term":[{"taxonomy":"category","embeddable":true,"href":"https:\/\/www.radioamigavallenar.cl\/index.php?rest_route=%2Fwp%2Fv2%2Fcategories&post=35692"},{"taxonomy":"post_tag","embeddable":true,"href":"https:\/\/www.radioamigavallenar.cl\/index.php?rest_route=%2Fwp%2Fv2%2Ftags&post=35692"}],"curies":[{"name":"wp","href":"https:\/\/api.w.org\/{rel}","templated":true}]}}