{"id":35689,"date":"2021-02-06T09:01:28","date_gmt":"2021-02-06T12:01:28","guid":{"rendered":"https:\/\/www.radioamigavallenar.cl\/?p=35689"},"modified":"2021-02-06T09:01:28","modified_gmt":"2021-02-06T12:01:28","slug":"10-instituciones-publicas-totalmente-destruidas-y-3-bomberos-heridos-tras-protestas-en-panguipulli","status":"publish","type":"post","link":"https:\/\/www.radioamigavallenar.cl\/?p=35689","title":{"rendered":"10 instituciones p\u00fablicas totalmente destruidas y 3 bomberos heridos tras protestas en Panguipulli"},"content":{"rendered":"<p>Con un total de\u00a010 edificios p\u00fablicos totalmente destruidos por la acci\u00f3n de las llamas y 3 voluntarios de Bomberos heridos, termin\u00f3 una verdadera noche de furia que envolvi\u00f3 a la comuna de Panguipulli, esto luego de las protestas por la\u00a0<a href=\"https:\/\/www.biobiochile.cl\/noticias\/nacional\/region-de-los-rios\/2021\/02\/05\/malabarista-muere-baleado-tras-enfrentamiento-con-carabineros-en-centro-de-panguipulli.shtml\">muerte de un malabarista a manos de Carabineros en el centro de la ciudad<\/a>.<\/p>\n<p>Seg\u00fan indic\u00f3 el comandante del cuerpo de Bomberos de Panguipulli,\u00a0Rodolfo Z\u00fa\u00f1iga, las labores de extinci\u00f3n de las llamas continuaron hasta la madrugada, logrando controlar la emergencia y centr\u00e1ndose en eliminar riesgos de rebrote, remoci\u00f3n de escombros e inspecci\u00f3n de las estructuras destruidas.<\/p>\n<p>Si bien el directivo no entreg\u00f3 una lista completa de las instituciones debido a que a\u00fan se encontraban en plenas, labores, entre ellas est\u00e1 la\u00a0Municipalidad de Panguipulli, el Departamento Social Municipal, Correos de Chile, ChileAtiende, el Registro Civil, Juzgado de Polic\u00eda local, Essal y Recursos humanos de la Municipalidad. Adem\u00e1s, se registr\u00f3 un\u00a0intento de saqueo contra una sucursal del banco BCI.<\/p>\n<p>Hasta la comuna lacustre tuvieron que concurrir 7 cuerpos de bomberos de distintos lugares de la Regi\u00f3n de Los R\u00edos, adem\u00e1s de la totalidad de compa\u00f1\u00edas de bomberos de Panguipulli.<\/p>\n<p>Z\u00fa\u00f1iga tambi\u00e9n indic\u00f3 que el personal de bomberos debi\u00f3 replegarse en varias oportunidades debido a agresiones de los propios manifestantes, resultando tres voluntarios lesionados: dos por radiaci\u00f3n de fuego y uno por impacto de piedras.<\/p>\n<p>En ese sentido, el comandante explic\u00f3 que el incendio que destruy\u00f3 totalmente el edificio consistorial fue especialmente complejo de combatir, ya que \u201cfue atacado por todos los flancos\u201d, y se debi\u00f3 ordenar el retiro de los voluntarios que llegaron a combatirlo debido a la \u201clluvia de piedras\u201d que recibi\u00f3 el personal de emergencias.<\/p>\n<p>La situaci\u00f3n se hizo m\u00e1s grave por la especial preocupaci\u00f3n de que en la bodega de la municipalidad hab\u00eda\u00a0200 litros de combustible, los que lograron se retirados sin que se inflamaran, sin embargo explic\u00f3 que al interior de la estructura a\u00fan exist\u00edan grandes cantidades de amonio cuaternario y otros desinfectantes que se estaban usando para acciones contra la pandemia de covid-19, por lo que unidades especializadas Hazmat trabajaban en retirarlas sin riesgo para los voluntarios o la poblaci\u00f3n.<\/p>\n<p>Z\u00fa\u00f1iga confirm\u00f3 que al interior de todas las instituciones y reparticiones siniestradas se encontr\u00f3 l\u00edquido o material acelerante de las llamas,\u00a0por lo que confirm\u00f3 que todos los incendios fueron intencionales.<\/p>\n<p>&nbsp;<\/p>\n","protected":false},"excerpt":{"rendered":"<p>Con un total de\u00a010 edificios p\u00fablicos totalmente destruidos por la acci\u00f3n de las llamas y 3 voluntarios de Bomberos heridos, termin\u00f3 una verdadera noche de&hellip; <\/p>\n","protected":false},"author":2,"featured_media":35690,"comment_status":"open","ping_status":"closed","sticky":false,"template":"","format":"standard","meta":{"footnotes":""},"categories":[37],"tags":[],"class_list":["post-35689","post","type-post","status-publish","format-standard","has-post-thumbnail","hentry","category-nacional"],"_links":{"self":[{"href":"https:\/\/www.radioamigavallenar.cl\/index.php?rest_route=\/wp\/v2\/posts\/35689","targetHints":{"allow":["GET"]}}],"collection":[{"href":"https:\/\/www.radioamigavallenar.cl\/index.php?rest_route=\/wp\/v2\/posts"}],"about":[{"href":"https:\/\/www.radioamigavallenar.cl\/index.php?rest_route=\/wp\/v2\/types\/post"}],"author":[{"embeddable":true,"href":"https:\/\/www.radioamigavallenar.cl\/index.php?rest_route=\/wp\/v2\/users\/2"}],"replies":[{"embeddable":true,"href":"https:\/\/www.radioamigavallenar.cl\/index.php?rest_route=%2Fwp%2Fv2%2Fcomments&post=35689"}],"version-history":[{"count":1,"href":"https:\/\/www.radioamigavallenar.cl\/index.php?rest_route=\/wp\/v2\/posts\/35689\/revisions"}],"predecessor-version":[{"id":35691,"href":"https:\/\/www.radioamigavallenar.cl\/index.php?rest_route=\/wp\/v2\/posts\/35689\/revisions\/35691"}],"wp:featuredmedia":[{"embeddable":true,"href":"https:\/\/www.radioamigavallenar.cl\/index.php?rest_route=\/wp\/v2\/media\/35690"}],"wp:attachment":[{"href":"https:\/\/www.radioamigavallenar.cl\/index.php?rest_route=%2Fwp%2Fv2%2Fmedia&parent=35689"}],"wp:term":[{"taxonomy":"category","embeddable":true,"href":"https:\/\/www.radioamigavallenar.cl\/index.php?rest_route=%2Fwp%2Fv2%2Fcategories&post=35689"},{"taxonomy":"post_tag","embeddable":true,"href":"https:\/\/www.radioamigavallenar.cl\/index.php?rest_route=%2Fwp%2Fv2%2Ftags&post=35689"}],"curies":[{"name":"wp","href":"https:\/\/api.w.org\/{rel}","templated":true}]}}