{"id":35687,"date":"2021-02-06T08:48:16","date_gmt":"2021-02-06T11:48:16","guid":{"rendered":"https:\/\/www.radioamigavallenar.cl\/?p=35687"},"modified":"2021-02-06T08:48:16","modified_gmt":"2021-02-06T11:48:16","slug":"camioneros-si-el-gobierno-no-actua-ante-ataques-nos-tomaremos-carreteras-2","status":"publish","type":"post","link":"https:\/\/www.radioamigavallenar.cl\/?p=35687","title":{"rendered":"Camioneros: Si el Gobierno no act\u00faa ante ataques nos tomaremos carreteras"},"content":{"rendered":"<p>Tras una seguidilla de <a href=\"https:\/\/www.cooperativa.cl\/noticias\/pais\/region-de-la-araucania\/cuatro-camiones-y-una-iglesia-fueron-quemados-en-la-araucania\/2021-02-04\/083335.html\" target=\"_blank\" rel=\"noopener noreferrer\">ataques incendiarios contra camioneros<\/a> en La Araucan\u00eda, el presidente de la Federaci\u00f3n de Due\u00f1os de Camiones del Sur (Fedesur), Jos\u00e9 Villagr\u00e1n, amenaz\u00f3 con nuevas movilizaciones del gremio si no hay acciones desde el Gobierno.<\/p>\n<p>\u00abSi el Presidente de la Rep\u00fablica no toma las medidas que corresponden, nosotros como Fedesur vamos a actuar, y no tom\u00e1ndonos las bermas, sino que tom\u00e1ndonos las carreteras\u00bb, enfatiz\u00f3 en El Diario de Cooperativa.<\/p>\n<p>Seg\u00fan Villagr\u00e1n, durante su reuni\u00f3n de la v\u00edspera con el intendente V\u00edctor Manoli, demand\u00f3 reunirse de forma \u00aburgente\u00bb con el Presidente Sebasti\u00e1n Pi\u00f1era para pedirle una intervenci\u00f3n m\u00e1s directa en la zona,\u00a0pues a su juicio, \u00abel Gobierno no le ha tomado el peso a lo que est\u00e1 sucediendo; el se\u00f1or Pi\u00f1era no ha hecho nada para terminar con la inseguridad que tenemos nosotros\u00bb.<\/p>\n<p>\u00abNo necesitamos m\u00e1s Carabineros, ni m\u00e1s helic\u00f3pteros, ni m\u00e1s dinero para ellos, si no que solucionar el problema. Este es un problema pol\u00edtico y lo tiene que arreglar el Presidente de la Rep\u00fablica\u00bb, puntualiz\u00f3<\/p>\n<p>En ese sentido, el l\u00edder de los camioneros asegura que desde su \u00faltima movilizaci\u00f3n hasta la fecha, \u00abestamos en cero\u00bb en cuanto a progreso en seguridad, pues si bien \u00abcuando estuvimos paralizados desde el 27 de agosto al 2 de septiembre nos ofrecieron todo\u00bb, <a href=\"https:\/\/www.cooperativa.cl\/noticias\/pais\/manifestaciones\/camioneros-depondran-el-paro-tras-lograr-acuerdo-con-el-gobierno-en\/2020-09-02\/141643.html\" target=\"_blank\" rel=\"noopener noreferrer\">el compromiso de t\u00e9rmino<\/a> no habr\u00eda sido cumplido desde el Ejecutivo.<\/p>\n<p>\u00ab<a href=\"https:\/\/www.cooperativa.cl\/noticias\/pais\/politica\/camara-baja\/defensa-del-ministro-perez-admite-gestion-politica-del-paro-de-los\/2020-10-23\/174122.html\" target=\"_blank\" rel=\"noopener noreferrer\">El se\u00f1or V\u00edctor P\u00e9rez (ex ministro del Interior)<\/a> nos minti\u00f3 porque resulta que firmamos un papel que hoy d\u00eda no tiene ning\u00fan valor, porque el Presidente lamentablemente no lo reconoce como un acuerdo del Estado chileno con los camioneros\u00bb, advirti\u00f3.<\/p>\n<p>Por lo mismo, Villagr\u00e1n argumenta que en este contexto \u00abno podemos contener m\u00e1s a los conductores; se quieren tomar la carretera, porque todos los d\u00edas cuando salimos a trabajar, no sabemos si vamos a volver en la tarde\u00bb.<\/p>\n<p>\u00abAqu\u00ed se terminaron los plazos; si no reaccionan en forma inmediata de aqu\u00ed a la pr\u00f3xima semana, nosotros vamos a actuar\u00bb, insisti\u00f3.<\/p>\n<h2><em>MULTIGREMIAL SUGIERE DECLARAR ESTADO DE SITIO<\/em><\/h2>\n<p>Aunque cree que cortar las carreteras debe ser el \u00faltimo recurso, el presidente de la Multigremial Nacional, Juan Pablo Swett, tambi\u00e9n manifest\u00f3 su preocupaci\u00f3n por el recrudecimiento de la violencia en la macrozona: \u00abcuando t\u00fa ves gente asesinada a quemarropa, quemas de casas, falta de Estado de derecho, \u00bfqu\u00e9 alternativa queda?\u00bb.<\/p>\n<p>\u00abLas polic\u00edas han fracasado, la Fiscal\u00eda no tiene ning\u00fan detenido por ning\u00fan acto delictual en La Araucan\u00eda en los \u00faltimos dos a\u00f1os, 0,5 por ciento de los delitos tienen alg\u00fan imputado. Por lo tanto, ac\u00e1 hay un fracaso total del Estado: del Gobierno, del Congreso y del Poder Judicial\u00bb, sentenci\u00f3.<\/p>\n<p>Por tanto, el representante de las pymes enfatiz\u00f3 que \u00abno queda otra que extremar las medidas y probablemente que se ataque la capacidad de fuego militar con la gente que entiende de eso\u00bb, aludiendo a que se establezca estado de sitio.<\/p>\n<p>Otra de las cr\u00edticas del manejo del Ejecutivo es la senadora oficialista por La Araucan\u00eda, Carmen Gloria Aravena, quien plante\u00f3 que \u00abtodos sabemos que cortar la carretera tiene un costo importante para ellos, de hecho, muchos han estado en procesos judiciales despu\u00e9s del \u00faltimo paro de camioneros. Pero creo que tienen absoluta raz\u00f3n\u00bb.<\/p>\n<p>\u00abLa situaci\u00f3n es insostenible para los camioneros y para los ciudadanos comunes y corrientes que vienen al sur de vacaciones o por trabajo, porque la verdad es que nadie te puede asegurar que en el trayecto no te disparen, quemen o ataquen\u00bb, apunt\u00f3 la parlamentaria.<\/p>\n<h2><em>INTENDENTE NIEGA SIMILITUD ENTRE PLAN POLICIAL Y \u00abCOMANDO JUNGLA\u00bb<\/em><\/h2>\n<p>Por otro lado, ante comparaciones entre el nuevo plan de Carabineros para reforzar la seguridad en la zona con el <a href=\"https:\/\/www.cooperativa.cl\/noticias\/pais\/ff-aa-y-de-orden\/carabineros\/capacitacion-del-comando-jungla-costo-cerca-de-15-millones-de-pesos\/2019-01-19\/123048.html\" target=\"_blank\" rel=\"noopener noreferrer\">\u00abComando Jungla\u00bb<\/a> instalado a inicios del segundo periodo de Pi\u00f1era, el intendente V\u00edctor Manoli afirm\u00f3 que \u00abno tiene ning\u00fan v\u00ednculo; solamente para proteger a los funcionarios de los ataques arteros y con armas de alto poder de fuego\u00bb.<\/p>\n<p>Adem\u00e1s, anticip\u00f3 que \u00abindudablemente\u00bb presentar\u00e1n acciones por el m\u00e1s reciente ataque contra camiones, \u00abpero adem\u00e1s vamos a intensificar la persecuci\u00f3n penal, porque creemos que estos hechos no pueden quedar impunes\u00bb.<\/p>\n<h1><em>Delgado: \u00abConf\u00edo en el di\u00e1logo\u00bb<\/em><\/h1>\n<p>Por su parte, el ministro del Interior, Rodrigo Delgado, afirm\u00f3 que se est\u00e1n adoptando todas las medidas respectivas para aumentar la seguridad en las carreteras y las zonas de descanso, y sobre la amenaza de cortar las distintas rutas se\u00f1al\u00f3 que \u00e9l conf\u00eda en el di\u00e1logo.<\/p>\n<p>\u00abSe dispusieron medidas que debutaron justamente anoche. Una cantidad importante de nuevos veh\u00edculos blindados que est\u00e1n recorriendo y est\u00e1n monitoreando la Ruta 5 Sur en el tramo m\u00e1s complejo, drones con visi\u00f3n nocturna y tambi\u00e9n el aumento de dotaci\u00f3n policial\u00bb, puntualiz\u00f3 el secretario de Estado.<\/p>\n<p>Adem\u00e1s, indic\u00f3 que \u00abpor supuesto que las instancias de conversaci\u00f3n con ellos van a seguir,y en lo personal tambi\u00e9n la puerta abierta para cualquier di\u00e1logo que permita una salida razonable a esta situaci\u00f3n\u00bb.<\/p>\n<p>\u00abYo conf\u00edo en el di\u00e1logo, espero que eso no ocurra\u00bb, asegur\u00f3 el ex alcalde de Estaci\u00f3n Central sobre la opci\u00f3n de cortes de ruta.<\/p>\n<p>&nbsp;<\/p>\n","protected":false},"excerpt":{"rendered":"<p>Tras una seguidilla de ataques incendiarios contra camioneros en La Araucan\u00eda, el presidente de la Federaci\u00f3n de Due\u00f1os de Camiones del Sur (Fedesur), Jos\u00e9 Villagr\u00e1n,&hellip; <\/p>\n","protected":false},"author":2,"featured_media":28360,"comment_status":"open","ping_status":"closed","sticky":false,"template":"","format":"standard","meta":{"footnotes":""},"categories":[37],"tags":[],"class_list":["post-35687","post","type-post","status-publish","format-standard","has-post-thumbnail","hentry","category-nacional"],"_links":{"self":[{"href":"https:\/\/www.radioamigavallenar.cl\/index.php?rest_route=\/wp\/v2\/posts\/35687","targetHints":{"allow":["GET"]}}],"collection":[{"href":"https:\/\/www.radioamigavallenar.cl\/index.php?rest_route=\/wp\/v2\/posts"}],"about":[{"href":"https:\/\/www.radioamigavallenar.cl\/index.php?rest_route=\/wp\/v2\/types\/post"}],"author":[{"embeddable":true,"href":"https:\/\/www.radioamigavallenar.cl\/index.php?rest_route=\/wp\/v2\/users\/2"}],"replies":[{"embeddable":true,"href":"https:\/\/www.radioamigavallenar.cl\/index.php?rest_route=%2Fwp%2Fv2%2Fcomments&post=35687"}],"version-history":[{"count":1,"href":"https:\/\/www.radioamigavallenar.cl\/index.php?rest_route=\/wp\/v2\/posts\/35687\/revisions"}],"predecessor-version":[{"id":35688,"href":"https:\/\/www.radioamigavallenar.cl\/index.php?rest_route=\/wp\/v2\/posts\/35687\/revisions\/35688"}],"wp:featuredmedia":[{"embeddable":true,"href":"https:\/\/www.radioamigavallenar.cl\/index.php?rest_route=\/wp\/v2\/media\/28360"}],"wp:attachment":[{"href":"https:\/\/www.radioamigavallenar.cl\/index.php?rest_route=%2Fwp%2Fv2%2Fmedia&parent=35687"}],"wp:term":[{"taxonomy":"category","embeddable":true,"href":"https:\/\/www.radioamigavallenar.cl\/index.php?rest_route=%2Fwp%2Fv2%2Fcategories&post=35687"},{"taxonomy":"post_tag","embeddable":true,"href":"https:\/\/www.radioamigavallenar.cl\/index.php?rest_route=%2Fwp%2Fv2%2Ftags&post=35687"}],"curies":[{"name":"wp","href":"https:\/\/api.w.org\/{rel}","templated":true}]}}