{"id":35682,"date":"2021-02-06T08:00:08","date_gmt":"2021-02-06T11:00:08","guid":{"rendered":"https:\/\/www.radioamigavallenar.cl\/?p=35682"},"modified":"2021-02-06T02:58:28","modified_gmt":"2021-02-06T05:58:28","slug":"celebran-el-dia-de-los-humedales-en-el-nuevo-santuario-de-la-naturaleza-de-carrizal-bajo","status":"publish","type":"post","link":"https:\/\/www.radioamigavallenar.cl\/?p=35682","title":{"rendered":"Celebran el D\u00eda de los Humedales en el nuevo Santuario de la Naturaleza de Carrizal Bajo"},"content":{"rendered":"<p>\u201cEn el d\u00eda mundial de los humedales seguimos impulsando con fuerza nuestra pol\u00edtica de Estado para cuidar estos lugares claves para la flora y fauna que ah\u00ed habita y de gran importancia para las comunidades que viven a su alrededor\u201d, afirm\u00f3 la Ministra Carolina Schmidt.<\/p>\n<p>En esa l\u00ednea, la Ministra Schmidt agreg\u00f3 que \u201ceste a\u00f1o en la conmemoraci\u00f3n del d\u00eda de los humedales y los 50 a\u00f1os de la Convenci\u00f3n Ramsar, es importante recordar que los humedales son fuentes fundamentales de agua, y que la conservaci\u00f3n de los humedales contribuye a aumentar la seguridad h\u00eddrica porque agua y humedales est\u00e1n estrechamente conectados y su coexistencia es vital para la vida, nuestro bienestar y la salud de nuestro planeta\u201d.<\/p>\n<p>En la Regi\u00f3n de Atacama se realiz\u00f3 un operativo de limpieza en el recientemente promulgado Santuario de la Naturaleza Humedal de Carrizal Bajo, formando parte de las actividades programadas para el D\u00eda Mundial de los Humedales, y fue organizada por la Seremi del Medio Ambiente de Atacama y la Municipalidad de Huasco, con el apoyo de CONAF, la DGA y la Capitan\u00eda de Puerto de Huasco de la Armada de Chile, la Junta de Vecinos de Carrizal Bajo, voluntarios y veraneantes del lugar.<\/p>\n<p>La actividad de limpieza tuvo por objeto eliminar los residuos, con el fin de preservar la flora y fauna del lugar, principalmente aves, y cuya conservaci\u00f3n es parte del Plan Regional de Atacama.<\/p>\n<p>En la ocasi\u00f3n, las autoridades regionales y los voluntarios recogieron todos los residuos como: bolsas y botellas pl\u00e1sticas, papeles, cartones, \u00a0los cuales se encontraban en este valioso ecosistema, donde es posible apreciar cisnes, como el cisne de cuello negro y cisne coscoroba, flamencos, variadas especies de patos, taguas y otras aves migratorias que nidifican en estos humedales, adem\u00e1s de reptiles, mam\u00edferos y roedores.<\/p>\n<p>En tanto el Seremi del Medio Ambiente, Guillermo Ready agradeci\u00f3 a los voluntarios que se hicieron presentes en la limpieza y asimismo a las autoridades que llegaron hasta el humedal de Carrizal Bajo para apoyar en la limpieza de la playa y el Santuario de la Naturaleza.<\/p>\n<p>En la oportunidad el Seremi Ready destac\u00f3 que \u201clos humedales son ecosistemas acu\u00e1ticos que sostienen una rica biodiversidad y proveen importantes servicios ecosist\u00e9micos, claves para la vida. Seg\u00fan el \u00faltimo reporte de Ramsar publicado el a\u00f1o 2018, aproximadamente un 87% de los humedales del mundo se han perdido desde 1700 hasta hoy, con tasas de p\u00e9rdida de 1,5% anual\u201d.<\/p>\n<p>El Seremi Ready, expres\u00f3 que \u201ceste Santuario de la Naturaleza se ha convertido en uno de los humedales costeros m\u00e1s importante de la Regi\u00f3n de Atacama, en lo que se refiere a abundancia y diversidad, por lo que hago un llamado a la comunidad a no entrar con sus veh\u00edculos a la playa colindante, a llevarse la basura para la casa y a mantener bajo control a sus mascotas\u201d.<\/p>\n<p>Cabe destacar que los humedales costeros son ecosistemas altamente vulnerables, particularmente frente a factores de amenaza como las pr\u00e1cticas no sustentables y el cambio clim\u00e1tico. La mayor\u00eda de ellos se encuentran en una condici\u00f3n cr\u00edtica; hay una disminuci\u00f3n del recurso h\u00eddrico, detect\u00e1ndose p\u00e9rdida o disminuci\u00f3n de la poblaci\u00f3n de especies nativas y de anfibios\u201d concluy\u00f3 la Autoridad Ambiental.<\/p>\n<p><strong>Humedal Urbano<\/strong><\/p>\n<p>Y para el d\u00eda martes 9 de Febrero del 2021 a las 10:00 horas se program\u00f3 la limpieza del reciente del Paseo Ribere\u00f1o en Vallenar, el cual ha iniciado el proceso para ser declarado como Humedal Urbano, el primero de la regi\u00f3n. Para esta actividad nos reuniremos entre los Puentes Brasil y Talca, por el lado de la ladera sur del r\u00edo, donde son todos bienvenidos.<\/p>\n","protected":false},"excerpt":{"rendered":"<p>\u201cEn el d\u00eda mundial de los humedales seguimos impulsando con fuerza nuestra pol\u00edtica de Estado para cuidar estos lugares claves para la flora y fauna&hellip; <\/p>\n","protected":false},"author":2,"featured_media":20333,"comment_status":"open","ping_status":"closed","sticky":false,"template":"","format":"standard","meta":{"footnotes":""},"categories":[38],"tags":[],"class_list":["post-35682","post","type-post","status-publish","format-standard","has-post-thumbnail","hentry","category-portada-regional"],"_links":{"self":[{"href":"https:\/\/www.radioamigavallenar.cl\/index.php?rest_route=\/wp\/v2\/posts\/35682","targetHints":{"allow":["GET"]}}],"collection":[{"href":"https:\/\/www.radioamigavallenar.cl\/index.php?rest_route=\/wp\/v2\/posts"}],"about":[{"href":"https:\/\/www.radioamigavallenar.cl\/index.php?rest_route=\/wp\/v2\/types\/post"}],"author":[{"embeddable":true,"href":"https:\/\/www.radioamigavallenar.cl\/index.php?rest_route=\/wp\/v2\/users\/2"}],"replies":[{"embeddable":true,"href":"https:\/\/www.radioamigavallenar.cl\/index.php?rest_route=%2Fwp%2Fv2%2Fcomments&post=35682"}],"version-history":[{"count":1,"href":"https:\/\/www.radioamigavallenar.cl\/index.php?rest_route=\/wp\/v2\/posts\/35682\/revisions"}],"predecessor-version":[{"id":35683,"href":"https:\/\/www.radioamigavallenar.cl\/index.php?rest_route=\/wp\/v2\/posts\/35682\/revisions\/35683"}],"wp:featuredmedia":[{"embeddable":true,"href":"https:\/\/www.radioamigavallenar.cl\/index.php?rest_route=\/wp\/v2\/media\/20333"}],"wp:attachment":[{"href":"https:\/\/www.radioamigavallenar.cl\/index.php?rest_route=%2Fwp%2Fv2%2Fmedia&parent=35682"}],"wp:term":[{"taxonomy":"category","embeddable":true,"href":"https:\/\/www.radioamigavallenar.cl\/index.php?rest_route=%2Fwp%2Fv2%2Fcategories&post=35682"},{"taxonomy":"post_tag","embeddable":true,"href":"https:\/\/www.radioamigavallenar.cl\/index.php?rest_route=%2Fwp%2Fv2%2Ftags&post=35682"}],"curies":[{"name":"wp","href":"https:\/\/api.w.org\/{rel}","templated":true}]}}