{"id":35677,"date":"2021-02-06T08:00:25","date_gmt":"2021-02-06T11:00:25","guid":{"rendered":"https:\/\/www.radioamigavallenar.cl\/?p=35677"},"modified":"2021-02-06T08:41:44","modified_gmt":"2021-02-06T11:41:44","slug":"diputada-cid-pidio-que-se-exija-mas-control-fronterizo","status":"publish","type":"post","link":"https:\/\/www.radioamigavallenar.cl\/?p=35677","title":{"rendered":"Diputada Cid pidi\u00f3 que se exija m\u00e1s control fronterizo"},"content":{"rendered":"<p>La diputada Sof\u00eda Cid (RN), se sum\u00f3 a su par en la colectividad, Jos\u00e9 Miguel Castro, de exigir m\u00e1s control migratorio en Chile, esto luego que se viralizara un video tutorial sobre c\u00f3mo ingresar al pa\u00eds de forma ilegal.<\/p>\n<p>Sobre esta situaci\u00f3n, Cid recalc\u00f3 que \u201cno podemos seguir negando la crisis migratoria que tenemos en Chile, especialmente en las regiones del norte del pa\u00eds que representamos, situaci\u00f3n que cada vez es m\u00e1s compleja y que dejara consecuencias a la soberan\u00eda, seguridad y salubridad de nuestro pa\u00eds\u201d.<\/p>\n<p>En este sentido, la parlamentaria hizo un llamado a la oposici\u00f3n para destrabar la Ley de Migraciones del gobierno que actualmente est\u00e1 en el Tribunal Constitucional \u201cestancada\u201d ya que el TC acogi\u00f3 parcialmente el requerimiento de inconstitucionalidad presentado por la oposici\u00f3n en contra de algunos art\u00edculos del citado proyecto de ley.<\/p>\n<p>Asimismo, Cid agreg\u00f3 que \u201ces fundamental que trabajemos en el fortalecimiento de las fronteras y apoyemos las gestiones de las polic\u00edas en contra de la inmigraci\u00f3n ilegal y tr\u00e1fico de seres humanos; hoy vemos en las calles familias que se encuentran de manera ilegal en la regi\u00f3n, y esto no puede seguir pasando\u201d, termin\u00f3.<\/p>\n","protected":false},"excerpt":{"rendered":"<p>La diputada Sof\u00eda Cid (RN), se sum\u00f3 a su par en la colectividad, Jos\u00e9 Miguel Castro, de exigir m\u00e1s control migratorio en Chile, esto luego&hellip; <\/p>\n","protected":false},"author":2,"featured_media":21514,"comment_status":"open","ping_status":"closed","sticky":false,"template":"","format":"standard","meta":{"footnotes":""},"categories":[7],"tags":[],"class_list":["post-35677","post","type-post","status-publish","format-standard","has-post-thumbnail","hentry","category-atacama"],"_links":{"self":[{"href":"https:\/\/www.radioamigavallenar.cl\/index.php?rest_route=\/wp\/v2\/posts\/35677","targetHints":{"allow":["GET"]}}],"collection":[{"href":"https:\/\/www.radioamigavallenar.cl\/index.php?rest_route=\/wp\/v2\/posts"}],"about":[{"href":"https:\/\/www.radioamigavallenar.cl\/index.php?rest_route=\/wp\/v2\/types\/post"}],"author":[{"embeddable":true,"href":"https:\/\/www.radioamigavallenar.cl\/index.php?rest_route=\/wp\/v2\/users\/2"}],"replies":[{"embeddable":true,"href":"https:\/\/www.radioamigavallenar.cl\/index.php?rest_route=%2Fwp%2Fv2%2Fcomments&post=35677"}],"version-history":[{"count":1,"href":"https:\/\/www.radioamigavallenar.cl\/index.php?rest_route=\/wp\/v2\/posts\/35677\/revisions"}],"predecessor-version":[{"id":35678,"href":"https:\/\/www.radioamigavallenar.cl\/index.php?rest_route=\/wp\/v2\/posts\/35677\/revisions\/35678"}],"wp:featuredmedia":[{"embeddable":true,"href":"https:\/\/www.radioamigavallenar.cl\/index.php?rest_route=\/wp\/v2\/media\/21514"}],"wp:attachment":[{"href":"https:\/\/www.radioamigavallenar.cl\/index.php?rest_route=%2Fwp%2Fv2%2Fmedia&parent=35677"}],"wp:term":[{"taxonomy":"category","embeddable":true,"href":"https:\/\/www.radioamigavallenar.cl\/index.php?rest_route=%2Fwp%2Fv2%2Fcategories&post=35677"},{"taxonomy":"post_tag","embeddable":true,"href":"https:\/\/www.radioamigavallenar.cl\/index.php?rest_route=%2Fwp%2Fv2%2Ftags&post=35677"}],"curies":[{"name":"wp","href":"https:\/\/api.w.org\/{rel}","templated":true}]}}