{"id":35673,"date":"2021-02-06T08:00:47","date_gmt":"2021-02-06T11:00:47","guid":{"rendered":"https:\/\/www.radioamigavallenar.cl\/?p=35673"},"modified":"2021-02-05T23:08:49","modified_gmt":"2021-02-06T02:08:49","slug":"ministro-delgado-aqui-nadie-le-ha-bajado-el-perfil-a-lo-que-esta-ocurriendo-en-colchane","status":"publish","type":"post","link":"https:\/\/www.radioamigavallenar.cl\/?p=35673","title":{"rendered":"Ministro Delgado: \u00abAqu\u00ed nadie le ha bajado el perfil a lo que est\u00e1 ocurriendo en Colchane\u00bb"},"content":{"rendered":"<p>El\u00a0<strong>ministro del Interior, Rodrigo Delgado,<\/strong>encabez\u00f3 este viernes una reuni\u00f3n en La Moneda junto al\u00a0<strong>ministro de Defensa (s), Alfonso Vargas,<\/strong>\u00a0representantes de las Fuerzas Armadas y Carabineros, adem\u00e1s de las autoridades regionales de Tarapac\u00e1.<\/p>\n<p>El objetivo de la cita fue la implementaci\u00f3n del\u00a0<strong>Decreto 265<\/strong>\u00a0que permite que las Fuerzas Armadas apoyen en el control de la migraci\u00f3n ilegal por pasos fronterizos no habilitados, como lo que sucede en\u00a0<strong>Colchane.<\/strong><\/p>\n<p>Recordemos que en esa ciudad fronteriza del norte del pa\u00eds enfrenta una crisis debido a la cantidad de inmigrantes ilegales que han llegado, especialmente luego de que un ciudadano venezolano y otro colombiano murieran, tras entrar a Chile desde Bolivia.<\/p>\n<p>Al respecto, el ministro Delgado asegur\u00f3 que lo que ocurre en Colchane \u201cest\u00e1 relacionada con una crisis que va m\u00e1s all\u00e1 de lo que pudi\u00e9semos explicar desde Chile, es una crisis internacional, sanitaria, social\u201d.<\/p>\n<p>\u201cLas personas que han ingresado son un gran porcentaje de nacionalidad venezolana, y tiene que ver con flujos migratorios que comenzaron hace algunos a\u00f1os de gente que lamentablemente tuvo que salir de Venezuela por las causas que todos conocemos, y esos flujos migratorios de ciudadanos venezolanos no son nuevos en Chile\u201d, agreg\u00f3.<\/p>\n<p>\u201cAqu\u00ed nadie le ha bajado el perfil a lo que est\u00e1 ocurriendo en Colchane\u201d, sentenci\u00f3.<\/p>\n<p>\u201cPero en el contexto de los ingreso irregulares en los \u00faltimos a\u00f1os, tambi\u00e9n hay que mirar en perspectiva las cifras. Cuando se dice que la situaci\u00f3n de ingreso irregular a Chile est\u00e1 fuera de control, basta con ver los datos para entender que la situaci\u00f3n hoy es muy diferente a la que ocurr\u00eda hace 4 o 5 a\u00f1os atr\u00e1s\u201d, a\u00f1adi\u00f3.<\/p>\n<p>No obstante, Delgado reconoci\u00f3 que como Gobierno \u201ctenemos que ocuparnos de lo que ocurre en Colchane, porque lo que ocurre en Colchane no es solamente una cantidad de personas cruzando la frontera, sino que tambi\u00e9n el impacto que eso genera a la gente que vive en Colchane\u201d.<\/p>\n<p>En ese sentido, inform\u00f3 que Carabineros en los \u00faltimos d\u00edas duplic\u00f3 su dotaci\u00f3n, al igual que el Ej\u00e9rcito, asimismo se dispusieron el uso de drones y de helic\u00f3pteros en la zona.<\/p>\n<p>\u201cHay cerca de 100 kil\u00f3metros que son los m\u00e1s complejos, con m\u00faltiples pasos no habilitados, con bandas que operan en el exterior de Chile, y ah\u00ed tenemos que dar una mirada de car\u00e1cter internacional, de coordinaci\u00f3n\u201d, afirm\u00f3 el ministro Delgado.<\/p>\n<p>&nbsp;<\/p>\n","protected":false},"excerpt":{"rendered":"<p>El\u00a0ministro del Interior, Rodrigo Delgado,encabez\u00f3 este viernes una reuni\u00f3n en La Moneda junto al\u00a0ministro de Defensa (s), Alfonso Vargas,\u00a0representantes de las Fuerzas Armadas y Carabineros,&hellip; <\/p>\n","protected":false},"author":2,"featured_media":0,"comment_status":"open","ping_status":"closed","sticky":false,"template":"","format":"standard","meta":{"footnotes":""},"categories":[37],"tags":[],"class_list":["post-35673","post","type-post","status-publish","format-standard","hentry","category-nacional"],"_links":{"self":[{"href":"https:\/\/www.radioamigavallenar.cl\/index.php?rest_route=\/wp\/v2\/posts\/35673","targetHints":{"allow":["GET"]}}],"collection":[{"href":"https:\/\/www.radioamigavallenar.cl\/index.php?rest_route=\/wp\/v2\/posts"}],"about":[{"href":"https:\/\/www.radioamigavallenar.cl\/index.php?rest_route=\/wp\/v2\/types\/post"}],"author":[{"embeddable":true,"href":"https:\/\/www.radioamigavallenar.cl\/index.php?rest_route=\/wp\/v2\/users\/2"}],"replies":[{"embeddable":true,"href":"https:\/\/www.radioamigavallenar.cl\/index.php?rest_route=%2Fwp%2Fv2%2Fcomments&post=35673"}],"version-history":[{"count":1,"href":"https:\/\/www.radioamigavallenar.cl\/index.php?rest_route=\/wp\/v2\/posts\/35673\/revisions"}],"predecessor-version":[{"id":35674,"href":"https:\/\/www.radioamigavallenar.cl\/index.php?rest_route=\/wp\/v2\/posts\/35673\/revisions\/35674"}],"wp:attachment":[{"href":"https:\/\/www.radioamigavallenar.cl\/index.php?rest_route=%2Fwp%2Fv2%2Fmedia&parent=35673"}],"wp:term":[{"taxonomy":"category","embeddable":true,"href":"https:\/\/www.radioamigavallenar.cl\/index.php?rest_route=%2Fwp%2Fv2%2Fcategories&post=35673"},{"taxonomy":"post_tag","embeddable":true,"href":"https:\/\/www.radioamigavallenar.cl\/index.php?rest_route=%2Fwp%2Fv2%2Ftags&post=35673"}],"curies":[{"name":"wp","href":"https:\/\/api.w.org\/{rel}","templated":true}]}}