{"id":35665,"date":"2021-02-06T08:00:07","date_gmt":"2021-02-06T11:00:07","guid":{"rendered":"https:\/\/www.radioamigavallenar.cl\/?p=35665"},"modified":"2021-02-05T22:51:37","modified_gmt":"2021-02-06T01:51:37","slug":"mas-de-50-mil-permisos-de-vacaciones-registra-la-comisaria-virtual-en-atacama","status":"publish","type":"post","link":"https:\/\/www.radioamigavallenar.cl\/?p=35665","title":{"rendered":"M\u00e1s de 50 mil permisos de vacaciones registra la Comisar\u00eda Virtual en Atacama"},"content":{"rendered":"<p><a href=\"https:\/\/www.radioamigavallenar.cl\/wp-content\/uploads\/2020\/12\/vacaciones.jpg\"><img loading=\"lazy\" decoding=\"async\" class=\"alignnone size-medium wp-image-34148\" src=\"https:\/\/www.radioamigavallenar.cl\/wp-content\/uploads\/2020\/12\/vacaciones-300x174.jpg\" alt=\"\" width=\"300\" height=\"174\" srcset=\"https:\/\/www.radioamigavallenar.cl\/wp-content\/uploads\/2020\/12\/vacaciones-300x174.jpg 300w, https:\/\/www.radioamigavallenar.cl\/wp-content\/uploads\/2020\/12\/vacaciones-768x444.jpg 768w, https:\/\/www.radioamigavallenar.cl\/wp-content\/uploads\/2020\/12\/vacaciones.jpg 816w\" sizes=\"auto, (max-width: 300px) 100vw, 300px\" \/><\/a><\/p>\n<p>Seg\u00fan los registros de la Comisar\u00eda Virtual de Carabineros, durante los primeros d\u00edas de febrero se ha tramitado un total de 30 mil 263 solicitudes de Permisos para Vacacionar en alg\u00fan lugar de Atacama, posicionando as\u00ed a la regi\u00f3n como la primera de la macrozona norte, despu\u00e9s de Coquimbo, con mayor inter\u00e9s o preferencia para descansar durante la pandemia.<\/p>\n<p>La informaci\u00f3n proporcionada por Carabineros precisa que estas solicitudes de permisos para vacaciones se han incrementado paulatinamente, de hecho, en Atacama fue aumentando con el correr de los d\u00edas, llegando a superar las 50 mil solicitudes, de las cuales 21.418 son para salir fuera de la regi\u00f3n, mientras que 30.263 corresponden a solicitudes para llegar o trasladarse a alg\u00fan lugar de Atacama.<\/p>\n<p>Al revisar las comunas de destino con mayor preferencia en la regi\u00f3n de Atacama, figura Caldera con 2 mil 473 solicitudes de traslados en los tres primeros d\u00edas de febrero, lo cual seguir\u00eda aumentando al ser una de las comunas que a\u00fan se encuentra en Fase 2.<\/p>\n<p>Por este motivo, el Prefecto de Atacama, Teniente Coronel Farid Sales Castro, formul\u00f3 un llamado a la comunidad a la responsabilidad y autocuidado, respetando todas las medidas de seguridad dispuestas por la autoridad sanitaria para evitar los contagios de coronavirus. \u201cQueremos que la ciudadan\u00eda asuma su rol preventivo en esta pandemia y tambi\u00e9n en los delitos, accidentes de tr\u00e1nsito y todo aquellos que tiene relaci\u00f3n con la seguridad\u201d, precis\u00f3 el oficial de Carabineros.<\/p>\n<p>Record\u00f3 a la comunidad que el permiso de vacaciones brinda la posibilidad a las personas de poder disfrutar del per\u00edodo de descanso en la etapa estival, a pesar de la vigencia en todo el pa\u00eds del Plan Paso a Paso para afrontar la pandemia del coronavirus. Aunque no incluye para desplazamiento de y hacia comunas en Paso 1 (Cuarentena).<\/p>\n<p>La medida establece que las personas con residencia en comunas en Fase 2 puedan viajar a otras en la misma etapa o superiores, y que las personas en comunas en Fase 2 o superior elijan como destino una ciudad que est\u00e9 en Transici\u00f3n.<\/p>\n<p>Cabe destacar que el permiso de vacaciones no faculta para circular en horario de Toque de Queda.<\/p>\n<p>&nbsp;<\/p>\n<p>&nbsp;<\/p>\n","protected":false},"excerpt":{"rendered":"<p>Seg\u00fan los registros de la Comisar\u00eda Virtual de Carabineros, durante los primeros d\u00edas de febrero se ha tramitado un total de 30 mil 263 solicitudes&hellip; <\/p>\n","protected":false},"author":2,"featured_media":34148,"comment_status":"open","ping_status":"closed","sticky":false,"template":"","format":"standard","meta":{"footnotes":""},"categories":[38],"tags":[],"class_list":["post-35665","post","type-post","status-publish","format-standard","has-post-thumbnail","hentry","category-portada-regional"],"_links":{"self":[{"href":"https:\/\/www.radioamigavallenar.cl\/index.php?rest_route=\/wp\/v2\/posts\/35665","targetHints":{"allow":["GET"]}}],"collection":[{"href":"https:\/\/www.radioamigavallenar.cl\/index.php?rest_route=\/wp\/v2\/posts"}],"about":[{"href":"https:\/\/www.radioamigavallenar.cl\/index.php?rest_route=\/wp\/v2\/types\/post"}],"author":[{"embeddable":true,"href":"https:\/\/www.radioamigavallenar.cl\/index.php?rest_route=\/wp\/v2\/users\/2"}],"replies":[{"embeddable":true,"href":"https:\/\/www.radioamigavallenar.cl\/index.php?rest_route=%2Fwp%2Fv2%2Fcomments&post=35665"}],"version-history":[{"count":1,"href":"https:\/\/www.radioamigavallenar.cl\/index.php?rest_route=\/wp\/v2\/posts\/35665\/revisions"}],"predecessor-version":[{"id":35666,"href":"https:\/\/www.radioamigavallenar.cl\/index.php?rest_route=\/wp\/v2\/posts\/35665\/revisions\/35666"}],"wp:featuredmedia":[{"embeddable":true,"href":"https:\/\/www.radioamigavallenar.cl\/index.php?rest_route=\/wp\/v2\/media\/34148"}],"wp:attachment":[{"href":"https:\/\/www.radioamigavallenar.cl\/index.php?rest_route=%2Fwp%2Fv2%2Fmedia&parent=35665"}],"wp:term":[{"taxonomy":"category","embeddable":true,"href":"https:\/\/www.radioamigavallenar.cl\/index.php?rest_route=%2Fwp%2Fv2%2Fcategories&post=35665"},{"taxonomy":"post_tag","embeddable":true,"href":"https:\/\/www.radioamigavallenar.cl\/index.php?rest_route=%2Fwp%2Fv2%2Ftags&post=35665"}],"curies":[{"name":"wp","href":"https:\/\/api.w.org\/{rel}","templated":true}]}}