{"id":35663,"date":"2021-02-06T08:00:36","date_gmt":"2021-02-06T11:00:36","guid":{"rendered":"https:\/\/www.radioamigavallenar.cl\/?p=35663"},"modified":"2021-02-05T22:24:01","modified_gmt":"2021-02-06T01:24:01","slug":"servicio-de-salud-informo-cinco-fallecidos-por-coronavirus-en-atacama","status":"publish","type":"post","link":"https:\/\/www.radioamigavallenar.cl\/?p=35663","title":{"rendered":"Servicio de Salud inform\u00f3 cinco fallecidos por Coronavirus en Atacama"},"content":{"rendered":"<p><a href=\"https:\/\/www.radioamigavallenar.cl\/wp-content\/uploads\/2020\/09\/MUERTE-COVID.jpg\"><img loading=\"lazy\" decoding=\"async\" class=\"alignnone size-medium wp-image-29454\" src=\"https:\/\/www.radioamigavallenar.cl\/wp-content\/uploads\/2020\/09\/MUERTE-COVID-300x157.jpg\" alt=\"\" width=\"300\" height=\"157\" srcset=\"https:\/\/www.radioamigavallenar.cl\/wp-content\/uploads\/2020\/09\/MUERTE-COVID-300x157.jpg 300w, https:\/\/www.radioamigavallenar.cl\/wp-content\/uploads\/2020\/09\/MUERTE-COVID-768x402.jpg 768w, https:\/\/www.radioamigavallenar.cl\/wp-content\/uploads\/2020\/09\/MUERTE-COVID.jpg 940w\" sizes=\"auto, (max-width: 300px) 100vw, 300px\" \/><\/a><\/p>\n<p>El Servicio de Salud de Atacama inform\u00f3 ayer\u00a0viernes los lamentables fallecimientos de cinco personas afectadas por Coronavirus en la Regi\u00f3n de Atacama.<\/p>\n<p>Los pacientes de 77, 74, 80 y 21 a\u00f1os se encontraban internados en el Hospital Regional de Copiap\u00f3. Pese a los esfuerzos de los equipos de salud, los pacientes fallecieron debido a las complicaciones provocadas por esta grave enfermedad.<\/p>\n<p>El quinto fallecimiento corresponde a una paciente de 92 a\u00f1os que se encontraba bajo seguimiento y atenci\u00f3n m\u00e9dica del equipo de Vigilancia Epidemiol\u00f3gica de Atenci\u00f3n Primaria Copiap\u00f3 . Este lamentable deceso se produjo debido a las complicaciones provocadas por esta enfermedad.<\/p>\n<p>Finalmente indicamos que sus residencias corresponden a las comunas de Copiap\u00f3 y Cha\u00f1aral. De esta manera, nuestra Regi\u00f3n de Atacama registra 103 personas que han perdido la vida debido a la actual pandemia.<\/p>\n<p>&nbsp;<\/p>\n<p>&nbsp;<\/p>\n","protected":false},"excerpt":{"rendered":"<p>El Servicio de Salud de Atacama inform\u00f3 ayer\u00a0viernes los lamentables fallecimientos de cinco personas afectadas por Coronavirus en la Regi\u00f3n de Atacama. Los pacientes de&hellip; <\/p>\n","protected":false},"author":2,"featured_media":29454,"comment_status":"open","ping_status":"closed","sticky":false,"template":"","format":"standard","meta":{"footnotes":""},"categories":[7],"tags":[],"class_list":["post-35663","post","type-post","status-publish","format-standard","has-post-thumbnail","hentry","category-atacama"],"_links":{"self":[{"href":"https:\/\/www.radioamigavallenar.cl\/index.php?rest_route=\/wp\/v2\/posts\/35663","targetHints":{"allow":["GET"]}}],"collection":[{"href":"https:\/\/www.radioamigavallenar.cl\/index.php?rest_route=\/wp\/v2\/posts"}],"about":[{"href":"https:\/\/www.radioamigavallenar.cl\/index.php?rest_route=\/wp\/v2\/types\/post"}],"author":[{"embeddable":true,"href":"https:\/\/www.radioamigavallenar.cl\/index.php?rest_route=\/wp\/v2\/users\/2"}],"replies":[{"embeddable":true,"href":"https:\/\/www.radioamigavallenar.cl\/index.php?rest_route=%2Fwp%2Fv2%2Fcomments&post=35663"}],"version-history":[{"count":1,"href":"https:\/\/www.radioamigavallenar.cl\/index.php?rest_route=\/wp\/v2\/posts\/35663\/revisions"}],"predecessor-version":[{"id":35664,"href":"https:\/\/www.radioamigavallenar.cl\/index.php?rest_route=\/wp\/v2\/posts\/35663\/revisions\/35664"}],"wp:featuredmedia":[{"embeddable":true,"href":"https:\/\/www.radioamigavallenar.cl\/index.php?rest_route=\/wp\/v2\/media\/29454"}],"wp:attachment":[{"href":"https:\/\/www.radioamigavallenar.cl\/index.php?rest_route=%2Fwp%2Fv2%2Fmedia&parent=35663"}],"wp:term":[{"taxonomy":"category","embeddable":true,"href":"https:\/\/www.radioamigavallenar.cl\/index.php?rest_route=%2Fwp%2Fv2%2Fcategories&post=35663"},{"taxonomy":"post_tag","embeddable":true,"href":"https:\/\/www.radioamigavallenar.cl\/index.php?rest_route=%2Fwp%2Fv2%2Ftags&post=35663"}],"curies":[{"name":"wp","href":"https:\/\/api.w.org\/{rel}","templated":true}]}}