{"id":35659,"date":"2021-02-06T08:00:43","date_gmt":"2021-02-06T11:00:43","guid":{"rendered":"https:\/\/www.radioamigavallenar.cl\/?p=35659"},"modified":"2021-02-05T22:18:54","modified_gmt":"2021-02-06T01:18:54","slug":"gobierno-regional-hace-entrega-de-vehiculos-de-ultima-generacion-a-teleton-atacama","status":"publish","type":"post","link":"https:\/\/www.radioamigavallenar.cl\/?p=35659","title":{"rendered":"Gobierno Regional hace entrega de veh\u00edculos de \u00faltima generaci\u00f3n a Telet\u00f3n Atacama"},"content":{"rendered":"<p>0000Con una inversi\u00f3n de cerca de 100 millones de pesos financiados por el Gobierno Regional, los veh\u00edculos adaptados permitir\u00e1n el traslado de las familias de Telet\u00f3n.<\/p>\n<p>En el Instituto Telet\u00f3n de Atacama, se hizo entrega de dos veh\u00edculos adaptados para el transporte de personas con discapacidad, y una camioneta 4&#215;4 que tiene su fecha de recepci\u00f3n para los pr\u00f3ximos meses, obtenidos con financiamiento del Gobierno Regional.<\/p>\n<p>La actividad estuvo encabezada por el Intendente (s), Ignacio Urcull\u00fa, en compa\u00f1\u00eda de la Presidenta del Consejo Regional, Ruth Vega, el Director del Instituto, Rub\u00e9n Soto, el Seremi de Desarrollo Social, Luis Morales, el Seremi de Gobierno, Guillermo Zurita, la Directora de Senadis, Gabriela Villanueva, el Consejero Regional, Patricio Alfaro y trabajadores y voluntarios de Telet\u00f3n.<\/p>\n<p>Al respecto, el Intendente (s) Ignacio Urcull\u00fa, dijo que \u201cdesde que asumimos en el Gobierno del Presidente Pi\u00f1era, hemos hecho un gran esfuerzo por aplanar la cancha, por igualar oportunidades d\u00e1ndoles un trato preferencial a las personas con discapacidades distintas. Hoy estamos haciendo un gran aporte para las familias que de esta forma pueden acceder m\u00e1s f\u00e1cilmente a sus terapias para su proceso de rehabilitaci\u00f3n. Para las familias, este tipo de ayudas les permite dedicarse por completo al proceso de rehabilitaci\u00f3n que es largo y dif\u00edcil\u201d.<\/p>\n<p>Asimismo, Urcull\u00fa agreg\u00f3 que \u201cesto significa que mejorar\u00e1 de manera importante la calidad de vida de quienes asisten a la Telet\u00f3n y sus familias, pues implicar\u00e1 que desde hoy cuenten con mejores herramientas para seguir entregando atenci\u00f3n de calidad\u201d.<\/p>\n<p>En tanto, el Director del Centro Telet\u00f3n, Rub\u00e9n Soto, dijo que \u201clos 29 trabajadores, los m\u00e1s de 640 ni\u00f1os que se atienden en este Instituto de Telet\u00f3n en la Regi\u00f3n de Atacama estamos muy felices, muy contentos con esta donaci\u00f3n que nos hace el Gobierno Regional a trav\u00e9s del Consejo Regional que asciende al orden de 100 millones de pesos y nos va a permitir realizar la atenci\u00f3n tanto en terreno para ir nosotros a las casas de los ni\u00f1os, como tambi\u00e9n potenciar la atenciones de los ni\u00f1os en nuestro instituto\u201d.<\/p>\n<p>Cabe destacar que m\u00e1s del 44% de los ni\u00f1os y ni\u00f1as en la Telet\u00f3n a nivel nacional viven a m\u00e1s de 50 km de los institutos, entonces, indic\u00f3 Soto, la llegada de los furgones se hace fundamental para lograr una atenci\u00f3n terap\u00e9utica \u00f3ptima en cada uno de esos ni\u00f1os y ni\u00f1as.<\/p>\n<p>Finalmente, la Presidenta del CORE, Ruth Vega, dijo que \u201cestos veh\u00edculos van a permitir que desde Copiap\u00f3, puedan llegar a las provincias de Cha\u00f1aral y de Huasco para atender in situ en sus hogares a los beneficiarios que tienen alg\u00fan tipo de problema, o alguna complicaci\u00f3n. Esto lo va a hacer m\u00e1s llevadero y tambi\u00e9n a la vez va a permitir que desde las comunas puedan llegar al Instituto Tel\u00e9ton a Copiap\u00f3 con mayor tranquilidad y con mucha mayor seguridad, con rampas de acceso, de subida y bajada y sin duda que esto va a aumentar la cantidad de beneficiarios\u201d.<a href=\"https:\/\/www.radioamigavallenar.cl\/wp-content\/uploads\/2021\/02\/Vehiculos-Teleton-3.jpeg\"><img loading=\"lazy\" decoding=\"async\" class=\"alignnone size-medium wp-image-35658\" src=\"https:\/\/www.radioamigavallenar.cl\/wp-content\/uploads\/2021\/02\/Vehiculos-Teleton-3-300x200.jpeg\" alt=\"\" width=\"300\" height=\"200\" srcset=\"https:\/\/www.radioamigavallenar.cl\/wp-content\/uploads\/2021\/02\/Vehiculos-Teleton-3-300x200.jpeg 300w, https:\/\/www.radioamigavallenar.cl\/wp-content\/uploads\/2021\/02\/Vehiculos-Teleton-3-1024x682.jpeg 1024w, https:\/\/www.radioamigavallenar.cl\/wp-content\/uploads\/2021\/02\/Vehiculos-Teleton-3-768x511.jpeg 768w, https:\/\/www.radioamigavallenar.cl\/wp-content\/uploads\/2021\/02\/Vehiculos-Teleton-3.jpeg 1280w\" sizes=\"auto, (max-width: 300px) 100vw, 300px\" \/><\/a><\/p>\n","protected":false},"excerpt":{"rendered":"<p>0000Con una inversi\u00f3n de cerca de 100 millones de pesos financiados por el Gobierno Regional, los veh\u00edculos adaptados permitir\u00e1n el traslado de las familias de&hellip; <\/p>\n","protected":false},"author":2,"featured_media":35658,"comment_status":"open","ping_status":"closed","sticky":false,"template":"","format":"standard","meta":{"footnotes":""},"categories":[38],"tags":[],"class_list":["post-35659","post","type-post","status-publish","format-standard","has-post-thumbnail","hentry","category-portada-regional"],"_links":{"self":[{"href":"https:\/\/www.radioamigavallenar.cl\/index.php?rest_route=\/wp\/v2\/posts\/35659","targetHints":{"allow":["GET"]}}],"collection":[{"href":"https:\/\/www.radioamigavallenar.cl\/index.php?rest_route=\/wp\/v2\/posts"}],"about":[{"href":"https:\/\/www.radioamigavallenar.cl\/index.php?rest_route=\/wp\/v2\/types\/post"}],"author":[{"embeddable":true,"href":"https:\/\/www.radioamigavallenar.cl\/index.php?rest_route=\/wp\/v2\/users\/2"}],"replies":[{"embeddable":true,"href":"https:\/\/www.radioamigavallenar.cl\/index.php?rest_route=%2Fwp%2Fv2%2Fcomments&post=35659"}],"version-history":[{"count":3,"href":"https:\/\/www.radioamigavallenar.cl\/index.php?rest_route=\/wp\/v2\/posts\/35659\/revisions"}],"predecessor-version":[{"id":35662,"href":"https:\/\/www.radioamigavallenar.cl\/index.php?rest_route=\/wp\/v2\/posts\/35659\/revisions\/35662"}],"wp:featuredmedia":[{"embeddable":true,"href":"https:\/\/www.radioamigavallenar.cl\/index.php?rest_route=\/wp\/v2\/media\/35658"}],"wp:attachment":[{"href":"https:\/\/www.radioamigavallenar.cl\/index.php?rest_route=%2Fwp%2Fv2%2Fmedia&parent=35659"}],"wp:term":[{"taxonomy":"category","embeddable":true,"href":"https:\/\/www.radioamigavallenar.cl\/index.php?rest_route=%2Fwp%2Fv2%2Fcategories&post=35659"},{"taxonomy":"post_tag","embeddable":true,"href":"https:\/\/www.radioamigavallenar.cl\/index.php?rest_route=%2Fwp%2Fv2%2Ftags&post=35659"}],"curies":[{"name":"wp","href":"https:\/\/api.w.org\/{rel}","templated":true}]}}