{"id":35650,"date":"2021-02-06T08:00:44","date_gmt":"2021-02-06T11:00:44","guid":{"rendered":"https:\/\/www.radioamigavallenar.cl\/?p=35650"},"modified":"2021-02-06T08:43:31","modified_gmt":"2021-02-06T11:43:31","slug":"crianceros-de-freirina-fueron-beneficiados-con-solucion-hidrica-pionera-en-atacama","status":"publish","type":"post","link":"https:\/\/www.radioamigavallenar.cl\/?p=35650","title":{"rendered":"Crianceros de Freirina fueron beneficiados con soluci\u00f3n h\u00eddrica pionera en Atacama"},"content":{"rendered":"<p><a href=\"https:\/\/www.radioamigavallenar.cl\/wp-content\/uploads\/2021\/02\/Crianceros-1.jpg\">\u00a0<\/a><\/p>\n<p>Hasta la localidad de Carrizalillo, en la zona costa de Freirina, se traslad\u00f3 el Alcalde Cesar Orellana, para ser parte de la entrega de los insumos que permitir\u00e1n que un grupo importante de crianceros pueda dar de beber a su ganado caprino, cuando salen a los cerros en b\u00fasqueda del escaso pasto<\/p>\n<p>La iniciativa fue trabajada por el equipo de profesionales de la oficina del Prodesal de la Municipalidad de Freirina, liderados por Carmen Castillo Villalobos, quienes debieron justificar el proyecto dado que los crianceros no cuentan con derechos de agua ni t\u00edtulos de terreno, en esa l\u00ednea,\u00a0 indicaron, se trabaj\u00f3 de tal manera el proyecto que tanto los materiales, el proveedor y el car\u00e1cter de innovador de la iniciativa, ser\u00edan claves para su \u00e9xito.<\/p>\n<p>La g\u00e9nesis de este proyecto nace desde la sequ\u00eda, efecto que ha mantenido bien complicados a quienes mantienen por a\u00f1os la tradici\u00f3n de la crianza de ganado caprino en el territorio, a lo que se suma los efectos de la pandemia, debilitando a\u00fan m\u00e1s los quehaceres propios de esta actividad ganadera, por lo que era muy necesario mejorar la conducci\u00f3n y acumulaci\u00f3n del agua en las majadas.<\/p>\n<p>\u201cLogramos sacar adelante esta iniciativa con el apoyo del Municipio, estos abrevaderos m\u00f3viles permiten a los crianceros moverse de majada en majada, porque ellos siempre se est\u00e1n moviendo en busca del agua, por eso es de suma importancia en tiempos de pandemia que cuenten con este vital elemento, para que puedan dar bebida a sus animales y de paso tener agua para lavar sus manos y tener las medidas de higiene b\u00e1sicas para poder pasar esta pandemia. Son 13 beneficiarios de Carrizalillo, de un total de 25 crianceros, pero esperamos poder llegar con soluciones muchos m\u00e1s\u201d coment\u00f3 Castillo Villalobos.<\/p>\n<p>La ceremonia de entrega de los kits de abastecimientos de agua, estuvo acompa\u00f1ada por el Seremi de Agricultura en Atacama Patricio Araya, quien explic\u00f3 a los beneficiarios que esta iniciativa es un plan piloto que viene a dar respuesta real a los requerimientos del sector, anunciando adem\u00e1s una serie de medidas que van en la l\u00ednea de mejorar la agricultura familiar campesina de la regi\u00f3n.<\/p>\n<p>\u201cCreemos que esta es la soluci\u00f3n definitiva para poder mejorar las condiciones de abastecimiento de agua potable para las familias y tambi\u00e9n para las actividades del desarrollo caprino\u201d, sostuvo la autoridad. El Secretario Ministerial de Agricultura puntualiz\u00f3 adem\u00e1s que la idea es contar con recursos del Gobierno Regional para expandir a toda la regi\u00f3n este tipo de soluci\u00f3n agr\u00edcola<\/p>\n<p>Araya coment\u00f3 que existe una petici\u00f3n desde el Gobierno Regional, para levantar un Plan de Modernizaci\u00f3n de la Peque\u00f1a Agricultura de Atacama, \u201cEfectivamente el GORE nos pidi\u00f3 que present\u00e1ramos un proyecto para modernizar la actividad agr\u00edcola, porque con los instrumentos que actualmente tenemos desde el Ministerio no nos alcanza para cumplir con estos objetivos y para eso los funcionarios del Ministerio, junto con los profesionales de los distintos servicios como: Indap, Sag, la Conaf, el INIA, estamos planteando un proyecto a m\u00e1s largo plazo para cumplir con estos objetivos que es el mejoramiento de las condiciones de\u00a0 vida del campesino para hacerla por lo menos similar a como se desarrolla la parte urbana\u201d.<\/p>\n<p>Finalmente el Alcalde Cesar Orellana, junto con destacar el trabajo colaborativo de la Seremi de Agricultura y el INDAP, tambi\u00e9n tuvo palabras de agradecimiento para el personal del Prodesal freirinense, equipo comprometido con el desarrollo de la agricultura en la comuna, quienes \u201chan sabido captar muy bien las necesidades de los vecinos y vecinas que se dedican a las labores del campo\u201d. Orellana dijo que \u201clo importante, y frente a esta sequ\u00eda que nos sigue complicando, hoy d\u00eda tenemos que buscar alternativas, y hoy el Indap pone a disposici\u00f3n una cierta cantidad de recursos, mientras que ese \u201cdelta\u201d que ten\u00edan que colocar los usuarios, finalmente es asumido por el Municipio, cosa que el criancero que hoy no la est\u00e1 pasando bien, no tenga\u00a0 que poner ning\u00fan recurso de su bolsillo y la diferencia, es decir, ese otro 10 por ciento, se hizo con recursos municipales, as\u00ed es\u00a0 que\u00a0 la Municipalidad no s\u00f3lo sale a pedir recursos, tambi\u00e9n se mete la mano al bolsillo aportando para el \u00e9xito de este proyecto\u201d.<\/p>\n","protected":false},"excerpt":{"rendered":"<p>\u00a0 Hasta la localidad de Carrizalillo, en la zona costa de Freirina, se traslad\u00f3 el Alcalde Cesar Orellana, para ser parte de la entrega de&hellip; <\/p>\n","protected":false},"author":2,"featured_media":35652,"comment_status":"open","ping_status":"closed","sticky":false,"template":"","format":"standard","meta":{"footnotes":""},"categories":[7],"tags":[],"class_list":["post-35650","post","type-post","status-publish","format-standard","has-post-thumbnail","hentry","category-atacama"],"_links":{"self":[{"href":"https:\/\/www.radioamigavallenar.cl\/index.php?rest_route=\/wp\/v2\/posts\/35650","targetHints":{"allow":["GET"]}}],"collection":[{"href":"https:\/\/www.radioamigavallenar.cl\/index.php?rest_route=\/wp\/v2\/posts"}],"about":[{"href":"https:\/\/www.radioamigavallenar.cl\/index.php?rest_route=\/wp\/v2\/types\/post"}],"author":[{"embeddable":true,"href":"https:\/\/www.radioamigavallenar.cl\/index.php?rest_route=\/wp\/v2\/users\/2"}],"replies":[{"embeddable":true,"href":"https:\/\/www.radioamigavallenar.cl\/index.php?rest_route=%2Fwp%2Fv2%2Fcomments&post=35650"}],"version-history":[{"count":4,"href":"https:\/\/www.radioamigavallenar.cl\/index.php?rest_route=\/wp\/v2\/posts\/35650\/revisions"}],"predecessor-version":[{"id":35686,"href":"https:\/\/www.radioamigavallenar.cl\/index.php?rest_route=\/wp\/v2\/posts\/35650\/revisions\/35686"}],"wp:featuredmedia":[{"embeddable":true,"href":"https:\/\/www.radioamigavallenar.cl\/index.php?rest_route=\/wp\/v2\/media\/35652"}],"wp:attachment":[{"href":"https:\/\/www.radioamigavallenar.cl\/index.php?rest_route=%2Fwp%2Fv2%2Fmedia&parent=35650"}],"wp:term":[{"taxonomy":"category","embeddable":true,"href":"https:\/\/www.radioamigavallenar.cl\/index.php?rest_route=%2Fwp%2Fv2%2Fcategories&post=35650"},{"taxonomy":"post_tag","embeddable":true,"href":"https:\/\/www.radioamigavallenar.cl\/index.php?rest_route=%2Fwp%2Fv2%2Ftags&post=35650"}],"curies":[{"name":"wp","href":"https:\/\/api.w.org\/{rel}","templated":true}]}}