{"id":35644,"date":"2021-02-05T12:53:35","date_gmt":"2021-02-05T15:53:35","guid":{"rendered":"https:\/\/www.radioamigavallenar.cl\/?p=35644"},"modified":"2021-02-05T13:10:04","modified_gmt":"2021-02-05T16:10:04","slug":"reemplazarian-beneficio-estudiantil-por-una-beca-de-75-mil-pesos-municipio-cierra-residencia-estudiantil-en-la-serena","status":"publish","type":"post","link":"https:\/\/www.radioamigavallenar.cl\/?p=35644","title":{"rendered":"Reemplazar\u00edan beneficio estudiantil por una beca de $75 mil pesos Municipio de Vallenar cierra residencia estudiantil en La Serena"},"content":{"rendered":"<p>Inquietos, desinformados y complicados se encuentran varias familias de Vallenar, luego de enterarse de manera no oficial, del supuesto cierre de la residencia estudiantil que hab\u00eda en La Serena y que beneficiaba a 20 alumnos que segu\u00edan estudios universitarios en la Cuarta Regi\u00f3n.<\/p>\n<p>Seg\u00fan informaci\u00f3n recopilada por este medio, la residencia estudiantil que surgi\u00f3 en la \u00e9poca de la administraci\u00f3n del exalcalde Juan Horacio Santana, no seguir\u00eda en funcionamiento debido el costo<br \/>\nde mantenci\u00f3n que tendr\u00eda, que ser\u00eda cercano a los $5 millones de pesos mensuales.<br \/>\n\u201cEs lamentable y nos tiene afligidos. Esto no se ha comunicado, no hay nada oficial y es un secreto a voces.<\/p>\n<p>Estamos esperando que el municipio nos informe con una carta a los padres y estudiantes\u201d, dijo<br \/>\nuno de los padres y apoderado, que tiene a sus dos hijos en la residencia estudiantil y que no quiso entregar su identidad, debido a que no existe oficializaci\u00f3n de la medida. \u201cEs una desafortunada determinaci\u00f3n.<\/p>\n<p>Es un buen proyecto, muy lindo. En dos meses que lleva esta administraci\u00f3n, que tomen una decisi\u00f3n as\u00ed sin dar argumentos v\u00e1lidos, porque la residencia funcionaba bien\u201d, se\u00f1al\u00f3.<\/p>\n<p>Con esta decisi\u00f3n, se\u00f1ala el apoderado, \u201ccortan la posibilidad de estudiar, le cortan las alas. Nosotros son tenemos familiares en La Serena, ni los medios econ\u00f3micos. A veces se malgasta tanta plata en tonteras en este municipio y sin explicaci\u00f3n\u201d, dice.<\/p>\n<p>Seg\u00fan informaci\u00f3n entregada por el concejal Robinson Morales, le quitaron el financiamiento a la residencia. Dice que debe tener \u201cinformaci\u00f3n clara (de) que es lo que se quiere hacer con esos dineros<br \/>\nque de los tiempos del ex alcalde Santana estaban considerados para la casa. Ser\u00eda bueno que \u00e9l como la cre\u00f3, se manifestara as\u00ed c\u00f3mo los concejales de esa \u00e9poca , es lamentable el cierre\u201d, dijo.<\/p>\n<p>Coment\u00f3 adem\u00e1s, que \u201clamentablemente no tenemos las atribuciones, podemos decir que no u oponernos a la decisi\u00f3n, pero al final ser\u00e1 siempre un tema que define o decide el alcalde de turno y quien tendr\u00eda que tomar ese tipo de decisiones ser\u00eda el alcalde que gane democr\u00e1ticamente en abril\u201d, opin\u00f3 Morales.<\/p>\n<p>Extraoficialmente, el municipio entregar\u00eda una beca de $75 mil pesos para 30 estudiantes. Otros apoderados con los que se comunic\u00f3 este medio, esperaban una respuesta oficial desde la instituci\u00f3n. Este medio intent\u00f3 comunicarse con directivos y el alcalde, sin embargo, conocer m\u00e1s antecedentes<br \/>\nfue imposible.<\/p>\n<p>En la sesi\u00f3n del concejo municipal de ayer en el municipio de Vallenar, el alcalde de la comuna, V\u00edctor Isla, dio a conocer el cierre de la residencia estudiantil de La Serena que albergaba a 20 alumnos de<br \/>\nla comuna.<br \/>\n\u201cEs efectivo, la residencia de estudiantes de La Serena se cierra, tiene un costo de m\u00e1s de $5 millones<br \/>\nde pesos mensuales y dada a las caracter\u00edsticas y situaci\u00f3n econ\u00f3mica del municipio, no es posible seguir manteni\u00e9ndola y debemos buscar alternativas para ajustar nuestros costos, nuestro ejercicio financiero, y efectivamente se cierra a partir de este mes\u201d, se\u00f1al\u00f3.<\/p>\n<p>Las razones de la autoridad, seg\u00fan se\u00f1al\u00f3 en dicha sesi\u00f3n se deb\u00edan a tres aspectos. \u201cEsto no se cierra caprichosamente, sino que obedece a tres razones fundamentales: el alto costo del mantenimiento mensual; la segunda raz\u00f3n es que este beneficio no llega a todos los estudiantes varones y no beneficiaba a las estudiantes mujeres, constituy\u00e9ndose como una herramienta de discriminaci\u00f3n; y beneficiaba s\u00f3lo a alumnos que estudiaban en La Serena y no a otros alumnos que pudiesen salir a estudiar en Santiago, Vi\u00f1a del Mar, Copiap\u00f3.<\/p>\n<p>Por ende, creemos que el funcionamiento de esta casa no estaba cumpliendo con el objetivo<br \/>\nque es atender a hombres, mujeres, no cumpl\u00eda con la ejecuci\u00f3n financiera del municipio y<br \/>\ndiscriminaba estudiantes\u201d.<\/p>\n<p>Isla dijo que no dejar\u00e1n sin beneficio a los estudiantes, sino que \u201cvamos a transformar algunos recursos en becas de residencia, que involucra montos de $75 mil pesos, que incluye a hombres y<br \/>\nmujeres y a estudiantes que est\u00e1n estudiando en otras regiones. Ya no ser\u00e1n 20 personas, sino que<br \/>\nser\u00e1n 30 beneficiarios directos de esta beca.<\/p>\n<p>El municipio tiene que colaborar con el desarrollo de estos estudiantes, pero no somos nosotros los encargados de atender los requerimientos ni solucionar la vida a la gente.<\/p>\n<p>Nosotros debemos propender a la mejor calidad de vida, pero un aporte de $75 alumnos es importante\u201d.<\/p>\n<p>Este medio insisti\u00f3 en conversar con la autoridad municipal, sin embargo, fue imposible pues no<br \/>\ndio respuesta a la insistencia en el llamado telef\u00f3nico.<\/p>\n","protected":false},"excerpt":{"rendered":"<p>Inquietos, desinformados y complicados se encuentran varias familias de Vallenar, luego de enterarse de manera no oficial, del supuesto cierre de la residencia estudiantil que&hellip; <\/p>\n","protected":false},"author":2,"featured_media":0,"comment_status":"open","ping_status":"closed","sticky":false,"template":"","format":"standard","meta":{"footnotes":""},"categories":[7],"tags":[],"class_list":["post-35644","post","type-post","status-publish","format-standard","hentry","category-atacama"],"_links":{"self":[{"href":"https:\/\/www.radioamigavallenar.cl\/index.php?rest_route=\/wp\/v2\/posts\/35644","targetHints":{"allow":["GET"]}}],"collection":[{"href":"https:\/\/www.radioamigavallenar.cl\/index.php?rest_route=\/wp\/v2\/posts"}],"about":[{"href":"https:\/\/www.radioamigavallenar.cl\/index.php?rest_route=\/wp\/v2\/types\/post"}],"author":[{"embeddable":true,"href":"https:\/\/www.radioamigavallenar.cl\/index.php?rest_route=\/wp\/v2\/users\/2"}],"replies":[{"embeddable":true,"href":"https:\/\/www.radioamigavallenar.cl\/index.php?rest_route=%2Fwp%2Fv2%2Fcomments&post=35644"}],"version-history":[{"count":4,"href":"https:\/\/www.radioamigavallenar.cl\/index.php?rest_route=\/wp\/v2\/posts\/35644\/revisions"}],"predecessor-version":[{"id":35648,"href":"https:\/\/www.radioamigavallenar.cl\/index.php?rest_route=\/wp\/v2\/posts\/35644\/revisions\/35648"}],"wp:attachment":[{"href":"https:\/\/www.radioamigavallenar.cl\/index.php?rest_route=%2Fwp%2Fv2%2Fmedia&parent=35644"}],"wp:term":[{"taxonomy":"category","embeddable":true,"href":"https:\/\/www.radioamigavallenar.cl\/index.php?rest_route=%2Fwp%2Fv2%2Fcategories&post=35644"},{"taxonomy":"post_tag","embeddable":true,"href":"https:\/\/www.radioamigavallenar.cl\/index.php?rest_route=%2Fwp%2Fv2%2Ftags&post=35644"}],"curies":[{"name":"wp","href":"https:\/\/api.w.org\/{rel}","templated":true}]}}