{"id":35640,"date":"2021-02-05T11:57:15","date_gmt":"2021-02-05T14:57:15","guid":{"rendered":"https:\/\/www.radioamigavallenar.cl\/?p=35640"},"modified":"2021-02-05T11:57:15","modified_gmt":"2021-02-05T14:57:15","slug":"cursan-sumario-sanitario-a-vacunatorio-que-cobraba-por-aplicar-dosis-contra-covid-19","status":"publish","type":"post","link":"https:\/\/www.radioamigavallenar.cl\/?p=35640","title":{"rendered":"Cursan sumario sanitario a vacunatorio que cobraba por aplicar dosis contra covid-19"},"content":{"rendered":"<p>El recinto privado \u2013que es parte de los puntos oficiales del Minsal- fue amonestado por cobrar $5.000 pesos por inocular contra el covid-19. Desde el establecimiento argumentan que se aplic\u00f3 para costear la falta de insumos, ya que el convenio que mantienen con la instituci\u00f3n no implica recursos adicionales, por lo que decidieron suspender su participaci\u00f3n en el proceso masivo. Desde la Seremi de Salud explicaron que las dosis ser\u00e1n redistribuidas en la red.<\/p>\n<p>\u201cLa vacuna es voluntaria, universal y gratuita\u201d, son las palabras que han reiterado las autoridades en medio del proceso de vacunaci\u00f3n masiva que vive el pa\u00eds. Sin embargo, este \u00faltimo car\u00e1cter qued\u00f3 en entredicho el mi\u00e9rcoles tras una denuncia acerca del cobro que estar\u00eda realizando el Centro M\u00e9dico EAD, uno de los 47 puntos habilitados por el Ministerio de Salud (Minsal) para la inmunizaci\u00f3n contra el covid-19 en la zona.<\/p>\n<p>En detalle, los usuarios reportaron que el recinto ubicado en el sector oriente de La Serena facturaba $5 mil pesos por el servicio de enfermer\u00eda. Un hecho que caus\u00f3 confusi\u00f3n y molestia, ya que junto al llamado de participar y confiar en el proceso, se ha enfatizado que \u201cnadie debe pagar\u201d por este.<\/p>\n<p>Lo cierto que este episodio devel\u00f3 algunos detalles acerca de la relaci\u00f3n entre el Minsal con los recintos privados que tienen convenio y administran vacunas del Programa Nacional de Inmunizaci\u00f3n (PNI).<\/p>\n<p>El centro m\u00e9dico explic\u00f3 lo sucedido y argument\u00f3 que desde la Seremi de Salud les entregaron las vacunas, jeringas, alcohol gel y caja de corto punzantes, sin un recurso adicional que les permita cubrir el resto de elementos de protecci\u00f3n personal que exige la inmunizaci\u00f3n contra el covid-19 y que como establecimiento no pueden responder a esos requisitos. \u201cSe nos incluy\u00f3 como punto de vacunaci\u00f3n y no fuimos consultados sobre el volumen que pod\u00edamos asumir\u201d, dicen en una aclaraci\u00f3n p\u00fablica compartida en sus redes sociales.<\/p>\n<p>\u201cDado que la administraci\u00f3n de vacunas requiere otros insumos adicionales, elementos de protecci\u00f3n personal para evitar contagios, elementos de limpieza, traslados de vacunas seg\u00fan protocolos y eliminaci\u00f3n de desechos, nuestra empresa fij\u00f3 un costo de 5.000 para suplir lo que se requiere para la administraci\u00f3n de un bajo volumen de pacientes y la contrataci\u00f3n de personal administrativo adicional\u201d, expresan.<\/p>\n<h2 style=\"text-align: center;\">Alta demanda<\/h2>\n<p>Diario El D\u00eda se contact\u00f3 con el centro y respondieron que si bien el convenio por PNI est\u00e1 vigente, \u201cestamos acostumbrados a atender uno o dos pacientes por semana\u201d y no a una gran cantidad de personas como ocurri\u00f3 con la vacuna Coronavac y, fue ante esa situaci\u00f3n que se vieron obligados a dejar de lado otras labores y adaptar los espacios para atender a quienes acudieron hasta el recinto. \u201cNo podemos atender a cien pacientes y asumir ese costo adicional porque no lo asume nadie y nosotros como empresa no nos haremos cargo de gastos que no nos corresponden. El convenio con el Minsal es de apoyo, no quiere decir que nos paguen, no nos dan recursos ni tampoco una subvenci\u00f3n\u201d, dijo Jorge Abarca, gerente de operaciones del establecimiento.<\/p>\n<p>Cabe recordar que en el listado de los 47 puntos habilitados en la regi\u00f3n de Coquimbo, s\u00f3lo tres de ellos son privados, el Centro M\u00e9dico EAD, Vacunatorio La Serena, en el Edificio M\u00e9dico Fleming, y el vacunatorio EMI, todos de La Serena.<\/p>\n<p>El D\u00eda se contact\u00f3 de manera an\u00f3nima con el vacunatorio EMI y desde el establecimiento indicaron que \u201cel servicio es totalmente gratuito y la inoculaci\u00f3n contra el covid-19 es previa a agendamiento v\u00eda telef\u00f3nica\u201d y que a partir de la pr\u00f3xima semana se har\u00e1 v\u00eda online.<\/p>\n<p style=\"text-align: center;\"><strong>Sumario sanitario<\/strong><\/p>\n<p>Ayer jueves, fiscalizadores de la Seremi de Salud llegaron hasta las dependencias del centro para corroborar lo que se hab\u00eda denunciado \u201cdonde reconocieron haber realizado cobros asociados a la vacuna contra el covid-19\u201d, por lo que les cursaron un sumario sanitario, explicaron desde la instituci\u00f3n.<\/p>\n<p>Por su parte, el centro aclar\u00f3 que la amonestaci\u00f3n es por \u201ccobrar y no por otros factores t\u00e9cnicos\u201d y que tras la visita del personal decidieron suspender la administraci\u00f3n de la vacuna, ya que \u201cno podemos asumir el costo de un proceso masivo\u201d.<\/p>\n<p>En tanto, la Seremi de Salud detall\u00f3 que las dosis ser\u00e1n redistribuidas a otros puntos de la red.<\/p>\n<p>En ese contexto, desde el recinto cuestionado aseveran que se les incluy\u00f3 en los puntos \u201cs\u00f3lo por tener un convenio vigente\u201d, pero que en ning\u00fan momento \u201cse nos pregunt\u00f3 si ten\u00edamos la capacidad\u201d y que los inconvenientes los observaron el mi\u00e9rcoles cuando llegaron a tener varios pacientes esperando. \u201cNo cre\u00edmos que ser\u00eda as\u00ed\u201d, alegaron.<\/p>\n<p>Por \u00faltimo, aseguran que sus \u201cdependencias contin\u00faan disponibles para la Seremi de Salud Coquimbo para que ellos puedan utilizar las dependencias en forma gratuita con su personal y lleven este proceso en forma exitosa\u201d.<\/p>\n","protected":false},"excerpt":{"rendered":"<p>El recinto privado \u2013que es parte de los puntos oficiales del Minsal- fue amonestado por cobrar $5.000 pesos por inocular contra el covid-19. Desde el&hellip; <\/p>\n","protected":false},"author":2,"featured_media":30145,"comment_status":"open","ping_status":"closed","sticky":false,"template":"","format":"standard","meta":{"footnotes":""},"categories":[37],"tags":[],"class_list":["post-35640","post","type-post","status-publish","format-standard","has-post-thumbnail","hentry","category-nacional"],"_links":{"self":[{"href":"https:\/\/www.radioamigavallenar.cl\/index.php?rest_route=\/wp\/v2\/posts\/35640","targetHints":{"allow":["GET"]}}],"collection":[{"href":"https:\/\/www.radioamigavallenar.cl\/index.php?rest_route=\/wp\/v2\/posts"}],"about":[{"href":"https:\/\/www.radioamigavallenar.cl\/index.php?rest_route=\/wp\/v2\/types\/post"}],"author":[{"embeddable":true,"href":"https:\/\/www.radioamigavallenar.cl\/index.php?rest_route=\/wp\/v2\/users\/2"}],"replies":[{"embeddable":true,"href":"https:\/\/www.radioamigavallenar.cl\/index.php?rest_route=%2Fwp%2Fv2%2Fcomments&post=35640"}],"version-history":[{"count":1,"href":"https:\/\/www.radioamigavallenar.cl\/index.php?rest_route=\/wp\/v2\/posts\/35640\/revisions"}],"predecessor-version":[{"id":35641,"href":"https:\/\/www.radioamigavallenar.cl\/index.php?rest_route=\/wp\/v2\/posts\/35640\/revisions\/35641"}],"wp:featuredmedia":[{"embeddable":true,"href":"https:\/\/www.radioamigavallenar.cl\/index.php?rest_route=\/wp\/v2\/media\/30145"}],"wp:attachment":[{"href":"https:\/\/www.radioamigavallenar.cl\/index.php?rest_route=%2Fwp%2Fv2%2Fmedia&parent=35640"}],"wp:term":[{"taxonomy":"category","embeddable":true,"href":"https:\/\/www.radioamigavallenar.cl\/index.php?rest_route=%2Fwp%2Fv2%2Fcategories&post=35640"},{"taxonomy":"post_tag","embeddable":true,"href":"https:\/\/www.radioamigavallenar.cl\/index.php?rest_route=%2Fwp%2Fv2%2Ftags&post=35640"}],"curies":[{"name":"wp","href":"https:\/\/api.w.org\/{rel}","templated":true}]}}