{"id":35635,"date":"2021-02-05T11:49:14","date_gmt":"2021-02-05T14:49:14","guid":{"rendered":"https:\/\/www.radioamigavallenar.cl\/?p=35635"},"modified":"2021-02-05T11:49:14","modified_gmt":"2021-02-05T14:49:14","slug":"atacama-reporto-hoy-viernes-50-nuevos-casos-de-coronavirus-y-434-activos","status":"publish","type":"post","link":"https:\/\/www.radioamigavallenar.cl\/?p=35635","title":{"rendered":"Atacama report\u00f3 hoy viernes 50 nuevos casos de Coronavirus y 434 activos"},"content":{"rendered":"<p>El Minsal inform\u00f3 un total de 50 nuevos casos de Coronavirus en la regi\u00f3n de Atacama, de ellos 27 fueron sintom\u00e1ticos, 21 sin s\u00edntomas y un caso sin notificar. Adem\u00e1s se reportaron en las \u00faltimas horas 434 casos activos.<\/p>\n<p>25 de los casos corresponden a la comuna de Copiap\u00f3, 13 casos a la comuna de Vallenar, 3 casos a la comuna de Caldera, 3 casos a la comuna de Freirina, 3 casos a la comuna de Huasco, 2 casos a la comuna de Tierra Amarilla \u00a0y finalmente 1 caso a la comuna de Cha\u00f1aral.<\/p>\n<p>Con aquello Atacama alcanza a la fecha los 10.526 casos acumulados de la enfermedad.<\/p>\n","protected":false},"excerpt":{"rendered":"<p>El Minsal inform\u00f3 un total de 50 nuevos casos de Coronavirus en la regi\u00f3n de Atacama, de ellos 27 fueron sintom\u00e1ticos, 21 sin s\u00edntomas y&hellip; <\/p>\n","protected":false},"author":2,"featured_media":28118,"comment_status":"open","ping_status":"closed","sticky":false,"template":"","format":"standard","meta":{"footnotes":""},"categories":[7],"tags":[],"class_list":["post-35635","post","type-post","status-publish","format-standard","has-post-thumbnail","hentry","category-atacama"],"_links":{"self":[{"href":"https:\/\/www.radioamigavallenar.cl\/index.php?rest_route=\/wp\/v2\/posts\/35635","targetHints":{"allow":["GET"]}}],"collection":[{"href":"https:\/\/www.radioamigavallenar.cl\/index.php?rest_route=\/wp\/v2\/posts"}],"about":[{"href":"https:\/\/www.radioamigavallenar.cl\/index.php?rest_route=\/wp\/v2\/types\/post"}],"author":[{"embeddable":true,"href":"https:\/\/www.radioamigavallenar.cl\/index.php?rest_route=\/wp\/v2\/users\/2"}],"replies":[{"embeddable":true,"href":"https:\/\/www.radioamigavallenar.cl\/index.php?rest_route=%2Fwp%2Fv2%2Fcomments&post=35635"}],"version-history":[{"count":1,"href":"https:\/\/www.radioamigavallenar.cl\/index.php?rest_route=\/wp\/v2\/posts\/35635\/revisions"}],"predecessor-version":[{"id":35636,"href":"https:\/\/www.radioamigavallenar.cl\/index.php?rest_route=\/wp\/v2\/posts\/35635\/revisions\/35636"}],"wp:featuredmedia":[{"embeddable":true,"href":"https:\/\/www.radioamigavallenar.cl\/index.php?rest_route=\/wp\/v2\/media\/28118"}],"wp:attachment":[{"href":"https:\/\/www.radioamigavallenar.cl\/index.php?rest_route=%2Fwp%2Fv2%2Fmedia&parent=35635"}],"wp:term":[{"taxonomy":"category","embeddable":true,"href":"https:\/\/www.radioamigavallenar.cl\/index.php?rest_route=%2Fwp%2Fv2%2Fcategories&post=35635"},{"taxonomy":"post_tag","embeddable":true,"href":"https:\/\/www.radioamigavallenar.cl\/index.php?rest_route=%2Fwp%2Fv2%2Ftags&post=35635"}],"curies":[{"name":"wp","href":"https:\/\/api.w.org\/{rel}","templated":true}]}}