{"id":35632,"date":"2021-02-05T06:54:32","date_gmt":"2021-02-05T09:54:32","guid":{"rendered":"https:\/\/www.radioamigavallenar.cl\/?p=35632"},"modified":"2021-02-05T10:55:21","modified_gmt":"2021-02-05T13:55:21","slug":"rubelindo-bolados-presidente-del-canal-breas-paredes-tenemos-que-ser-protectores-del-agua-recurso-natural-que-debemos-cuidar-entre-todos","status":"publish","type":"post","link":"https:\/\/www.radioamigavallenar.cl\/?p=35632","title":{"rendered":"Rubelindo Bolados, presidente del Canal Breas Paredes: \u201cTenemos que ser protectores del agua, recurso natural que debemos cuidar entre todos\u201d."},"content":{"rendered":"<p>Viajamos hasta la localidad de las Breas ubicada a 22,1 kil\u00f3metros de\u00a0San F\u00e9lix\u00a0por la ruta C-489, donde tuvimos una amena conversaci\u00f3n con Rubelindo Bolados, presidente del Canal Breas Paredes, quien a sus 86 a\u00f1os de edad reconoce ser un incansable luchador por el uso responsable del agua, se\u00f1alando que el cuidado del recurso h\u00eddrico nos favorece a todos.<\/p>\n<p><strong>&#8211; Cu\u00e9ntenos sobre su experiencia como celador del tramo 1 de la Cuenca del R\u00edo Huasco. <\/strong><\/p>\n<p>&#8211; El a\u00f1o 1962 comenc\u00e9 a trabajar como celador en el tramo 1\u00a0 y a caballo recorr\u00eda los canales de mi sector sal\u00eda a las 2 de la ma\u00f1ana para darle el turno al sector de Potrerillos,\u00a0 todo era m\u00e1s\u00a0 sacrificado; en esa \u00e9poca no exist\u00edan las comodidades de ahora era\u00a0 diferente, m\u00e1s rustico y as\u00ed se hac\u00edan las cosas, hoy hay m\u00e1s facilidad para todo, los camios son m\u00e1s directos y est\u00e1n en mejores condiciones.<\/p>\n<p>&#8211; <strong>En relaci\u00f3n al cuidado del agua \u00bfQu\u00e9 consejo les da a las nuevas generaciones?<\/strong><\/p>\n<p>&#8211; Lo que tenemos que hacer es cuidar el agua, ayudar a protegerla no dejar las aguas botadas, si puedo desaguar un canal voy y lo hago, es importante no desperdiciar el agua porque todos la necesitamos. Las personas deben tener la voluntad para cuidar el recurso h\u00eddrico, que es el elemento primordial para la vida el agua es vida, pero muchos no la aprecian y la botan. \u00a0Yo soy protector de las aguas no debemos botarla, de esta forma todos podemos regar. Tenemos que ser protectores del agua, recurso natural que debemos cuidar entre todos.<\/p>\n<p>&#8211; <strong>\u00bfCu\u00e1l es su opini\u00f3n sobre el trabajo que realiza la Junta de Vigilancia de la Cuenca del R\u00edo Huasco?<\/strong><\/p>\n<p><strong>&#8211;<\/strong> Me parece que el trabajo que esta realizando la Junta de Vigilancia es correcto, porque esta todo ordenado, los canales est\u00e1n funcionando bien con sus compuertas en buen estado; eso se ha adquirido con las ultimas administraciones de la Junta, veo que todos los acuerdos que se toman son favorables para los regantes, estoy muy satisfecho con el desempe\u00f1o de la Junta de Vigilancia de la Cuenca del R\u00edo Huasco. Siempre hemos tenido apoyo y las directivas que ha habido en la Junta siempre han optado por proteger los valles, mejorando la infraestructura, dispuestos a tender la mano y esa es una gran cosa para nosotros, estoy agradecido y reconozco la excelente labor que est\u00e1n haciendo.<\/p>\n","protected":false},"excerpt":{"rendered":"<p>Viajamos hasta la localidad de las Breas ubicada a 22,1 kil\u00f3metros de\u00a0San F\u00e9lix\u00a0por la ruta C-489, donde tuvimos una amena conversaci\u00f3n con Rubelindo Bolados, presidente&hellip; <\/p>\n","protected":false},"author":2,"featured_media":35633,"comment_status":"open","ping_status":"closed","sticky":false,"template":"","format":"standard","meta":{"footnotes":""},"categories":[38],"tags":[],"class_list":["post-35632","post","type-post","status-publish","format-standard","has-post-thumbnail","hentry","category-portada-regional"],"_links":{"self":[{"href":"https:\/\/www.radioamigavallenar.cl\/index.php?rest_route=\/wp\/v2\/posts\/35632","targetHints":{"allow":["GET"]}}],"collection":[{"href":"https:\/\/www.radioamigavallenar.cl\/index.php?rest_route=\/wp\/v2\/posts"}],"about":[{"href":"https:\/\/www.radioamigavallenar.cl\/index.php?rest_route=\/wp\/v2\/types\/post"}],"author":[{"embeddable":true,"href":"https:\/\/www.radioamigavallenar.cl\/index.php?rest_route=\/wp\/v2\/users\/2"}],"replies":[{"embeddable":true,"href":"https:\/\/www.radioamigavallenar.cl\/index.php?rest_route=%2Fwp%2Fv2%2Fcomments&post=35632"}],"version-history":[{"count":1,"href":"https:\/\/www.radioamigavallenar.cl\/index.php?rest_route=\/wp\/v2\/posts\/35632\/revisions"}],"predecessor-version":[{"id":35634,"href":"https:\/\/www.radioamigavallenar.cl\/index.php?rest_route=\/wp\/v2\/posts\/35632\/revisions\/35634"}],"wp:featuredmedia":[{"embeddable":true,"href":"https:\/\/www.radioamigavallenar.cl\/index.php?rest_route=\/wp\/v2\/media\/35633"}],"wp:attachment":[{"href":"https:\/\/www.radioamigavallenar.cl\/index.php?rest_route=%2Fwp%2Fv2%2Fmedia&parent=35632"}],"wp:term":[{"taxonomy":"category","embeddable":true,"href":"https:\/\/www.radioamigavallenar.cl\/index.php?rest_route=%2Fwp%2Fv2%2Fcategories&post=35632"},{"taxonomy":"post_tag","embeddable":true,"href":"https:\/\/www.radioamigavallenar.cl\/index.php?rest_route=%2Fwp%2Fv2%2Ftags&post=35632"}],"curies":[{"name":"wp","href":"https:\/\/api.w.org\/{rel}","templated":true}]}}