{"id":35629,"date":"2021-02-05T10:00:11","date_gmt":"2021-02-05T13:00:11","guid":{"rendered":"https:\/\/www.radioamigavallenar.cl\/?p=35629"},"modified":"2021-02-05T10:52:33","modified_gmt":"2021-02-05T13:52:33","slug":"comandante-en-jefe-del-ejercito-inspecciona-unidades-de-atacama-y-lanza-mensaje-nadie-nos-puede-decir-que-no-estamos-haciendo-nuestro-trabajo","status":"publish","type":"post","link":"https:\/\/www.radioamigavallenar.cl\/?p=35629","title":{"rendered":"Comandante en jefe del Ej\u00e9rcito inspecciona unidades de Atacama y lanza mensaje: \u00abNadie nos puede decir que no estamos haciendo nuestro trabajo\u00bb"},"content":{"rendered":"<p>General de Ej\u00e9rcito Ricardo Mart\u00ednez Menanteau, se traslad\u00f3 hasta el Regimiento N\u00b023 \u201cCopiap\u00f3\u201d de la I Divisi\u00f3n de Ej\u00e9rcito y al Predio Militar \u201cCalderilla\u201d.<\/p>\n<p>Con el objetivo de tener un contacto directo con el personal y verificar las condiciones de operatividad y habitabilidad, el comandante en jefe del Ej\u00e9rcito, general de Ej\u00e9rcito Ricardo Mart\u00ednez Menanteau, se traslad\u00f3 al Regimiento N\u00b023 \u201cCopiap\u00f3\u201d de la I Divisi\u00f3n de Ej\u00e9rcito y al Predio Militar \u201cCalderilla\u201d.<\/p>\n<p>En el Regimiento \u201cCopiap\u00f3\u201d, y acompa\u00f1ado por el jefe de la Defensa Nacional de la zona, general de Brigada Carlo Garbarini I. y el comandante de la unidad, teniente coronel \u00c1lvaro Salgado B., salud\u00f3 al personal y les agradeci\u00f3 el compromiso diario reflejado en sus labores. \u00abLes reitero la confianza en el trabajo que est\u00e1n haciendo, en la marat\u00f3n que ha significado nuestro trabajo a partir del estallido social y despu\u00e9s de la pandemia\u00bb, sostuvo, a\u00f1adiendo que \u00abcomo instituci\u00f3n armada obedecemos con irrestricto apego a la Constituci\u00f3n y a las leyes, y nadie nos puede decir que no estamos haciendo nuestro trabajo. Y por lo mismo, darles el aliento para continuar haci\u00e9ndolo y recordarles que pertenecen al Ej\u00e9rcito que es disciplinado\u00bb.<\/p>\n<p>Igualmente, destac\u00f3 el que son una parte importante del despliegue del Ej\u00e9rcito. \u00abEs la \u00fanica unidad militar de las FFAA que tiene una presencia importante en toda una Regi\u00f3n. La permanencia del Regimiento \u2018Copiap\u00f3\u2019 en la Regi\u00f3n de Atacama no est\u00e1 puesta en duda\u00bb, expuso. En este sentido, dijo, \u00abpor eso hemos estado invirtiendo de manera permanente recursos para reconstruir este Cuartel, porque la decisi\u00f3n institucional es mantenerse en estas instalaciones. Y la dignidad de nuestros soldados, no importando el grado, es importante, sobre todo cuando uno despu\u00e9s debe exigirles la instrucci\u00f3n, el entrenamiento, lo administrativo, lo log\u00edstico\u00bb, puntualiz\u00f3.<\/p>\n<p>Asimismo, se interioriz\u00f3 sobre la organizaci\u00f3n, operatividad y proyectos en desarrollo en la unidad, los que constat\u00f3 en una inspecci\u00f3n por las instalaciones. Dentro de ellos, los trabajos de reparaci\u00f3n y mantenimiento del Batall\u00f3n de Infanter\u00eda, que beneficia a unos 251 soldados conscriptos.<\/p>\n","protected":false},"excerpt":{"rendered":"<p>General de Ej\u00e9rcito Ricardo Mart\u00ednez Menanteau, se traslad\u00f3 hasta el Regimiento N\u00b023 \u201cCopiap\u00f3\u201d de la I Divisi\u00f3n de Ej\u00e9rcito y al Predio Militar \u201cCalderilla\u201d. Con&hellip; <\/p>\n","protected":false},"author":2,"featured_media":35630,"comment_status":"open","ping_status":"closed","sticky":false,"template":"","format":"standard","meta":{"footnotes":""},"categories":[38],"tags":[],"class_list":["post-35629","post","type-post","status-publish","format-standard","has-post-thumbnail","hentry","category-portada-regional"],"_links":{"self":[{"href":"https:\/\/www.radioamigavallenar.cl\/index.php?rest_route=\/wp\/v2\/posts\/35629","targetHints":{"allow":["GET"]}}],"collection":[{"href":"https:\/\/www.radioamigavallenar.cl\/index.php?rest_route=\/wp\/v2\/posts"}],"about":[{"href":"https:\/\/www.radioamigavallenar.cl\/index.php?rest_route=\/wp\/v2\/types\/post"}],"author":[{"embeddable":true,"href":"https:\/\/www.radioamigavallenar.cl\/index.php?rest_route=\/wp\/v2\/users\/2"}],"replies":[{"embeddable":true,"href":"https:\/\/www.radioamigavallenar.cl\/index.php?rest_route=%2Fwp%2Fv2%2Fcomments&post=35629"}],"version-history":[{"count":1,"href":"https:\/\/www.radioamigavallenar.cl\/index.php?rest_route=\/wp\/v2\/posts\/35629\/revisions"}],"predecessor-version":[{"id":35631,"href":"https:\/\/www.radioamigavallenar.cl\/index.php?rest_route=\/wp\/v2\/posts\/35629\/revisions\/35631"}],"wp:featuredmedia":[{"embeddable":true,"href":"https:\/\/www.radioamigavallenar.cl\/index.php?rest_route=\/wp\/v2\/media\/35630"}],"wp:attachment":[{"href":"https:\/\/www.radioamigavallenar.cl\/index.php?rest_route=%2Fwp%2Fv2%2Fmedia&parent=35629"}],"wp:term":[{"taxonomy":"category","embeddable":true,"href":"https:\/\/www.radioamigavallenar.cl\/index.php?rest_route=%2Fwp%2Fv2%2Fcategories&post=35629"},{"taxonomy":"post_tag","embeddable":true,"href":"https:\/\/www.radioamigavallenar.cl\/index.php?rest_route=%2Fwp%2Fv2%2Ftags&post=35629"}],"curies":[{"name":"wp","href":"https:\/\/api.w.org\/{rel}","templated":true}]}}