{"id":35626,"date":"2021-02-05T10:48:25","date_gmt":"2021-02-05T13:48:25","guid":{"rendered":"https:\/\/www.radioamigavallenar.cl\/?p=35626"},"modified":"2021-02-05T10:48:25","modified_gmt":"2021-02-05T13:48:25","slug":"seremi-del-trabajo-s-explica-condiciones-laborales-que-aplican-a-trabajadores-en-comunas-con-cuarentena","status":"publish","type":"post","link":"https:\/\/www.radioamigavallenar.cl\/?p=35626","title":{"rendered":"Seremi del Trabajo (S) explica condiciones laborales que aplican a trabajadores en comunas con cuarentena"},"content":{"rendered":"<p>Tras el anuncio de la autoridad sanitaria donde se decret\u00f3 cuarentena obligatoria para la comuna de Copiap\u00f3 la Seremi del Trabajo (S) explica las condiciones laborales para aquellos trabajadores que se encuentren residiendo en comunas afectadas por el plan paso a paso.<\/p>\n<p>En este contexto, la Seremi del Trabajo y Previsi\u00f3n Social (S), Pamela Orellana, explica c\u00f3mo afecta este retroceso a los trabajadores de la capital regional.<\/p>\n<p>Cabe destacar que, Copiap\u00f3 entra en cuarentena obligatoria producto del aumento sostenido de los casos activos por covid-19. Sin embargo, existen ciertos trabajos y servicios que son considerados como esenciales, la Seremi del Trabajo y Previsi\u00f3n Social (S), Pamela Orellana explic\u00f3 que \u201cson aquellas actividades que por su naturaleza no pueden detenerse y cuya interrupci\u00f3n genera una alteraci\u00f3n para el funcionamiento del pa\u00eds\u201d<\/p>\n<p>Continu\u00f3 explicando que, \u201cpodemos categorizar estos permisos, en nueve \u00e1reas que son; salud, emergencias, servicios de utilidad p\u00fablica, sector p\u00fablico, alimento y comercio, transporte, seguridad, prensa y educaci\u00f3n\u201d destaca la Seremi Pamela Orellana.<\/p>\n<p>En el caso del rubro de la construcci\u00f3n, desde la C\u00e1mara Chilena de la Construcci\u00f3n (CChC) Copiap\u00f3, su presidente, Guillermo Ram\u00edrez, explic\u00f3 que \u201clas obras p\u00fablicas, por el significado que tienen para la calidad de vida de la comunidad y su impacto en el empleo, van a poder continuar operando en cuarentena por ser consideradas esenciales, del mismo modo que la construcci\u00f3n privada, tomando en cuenta los bajos \u00edndices de contagio que tiene el sector a nivel regional y nacional, fue definida como actividad segura, por lo que cumpliendo una serie de requisitos definidos por el Ministerio de Econom\u00eda, podr\u00e1 seguir funcionando, siempre en base al cumplimiento de estrictos protocolos sanitarios que como gremio estamos impulsando e incluso haciendo un seguimiento con nuestras empresas socias de su aplicaci\u00f3n en terreno\u201d.<\/p>\n<p>Los trabajadores y funcionarios que se encuentren categorizados en trabajos y servicios esenciales \u201cnecesitar\u00e1n de un Permiso \u00danico Colectivo para dirigirse a su establecimiento laboral el cual debe ser gestionado por su empleador a trav\u00e9s de la p\u00e1gina web https:\/\/comisariavirtual.cl\/\u201d explic\u00f3 la Seremi (s) Pamela Orellana.<\/p>\n<p>Cabe destacar que, en la misma p\u00e1gina web, se encuentran otros tipos de permisos para las personas como el Permiso Temporal Individual de Desplazamiento, \u201cestos son instrumentos temporales que autorizan a las personas para realizar actividades fundamentales y abastecerse de bienes y servicios esenciales en comunas que est\u00e1n en cuarentena sanitaria, raz\u00f3n por la cual se les pide a las personas no hacer mal uso de estos permisos y as\u00ed lograr los fines de la cuarentena que es, reducir el contagio en la comuna de Copiap\u00f3, ya que juntos lograremos salir de esta pandemia.\u00a0 Recalc\u00f3 la autoridad.<\/p>\n","protected":false},"excerpt":{"rendered":"<p>Tras el anuncio de la autoridad sanitaria donde se decret\u00f3 cuarentena obligatoria para la comuna de Copiap\u00f3 la Seremi del Trabajo (S) explica las condiciones&hellip; <\/p>\n","protected":false},"author":2,"featured_media":35627,"comment_status":"open","ping_status":"closed","sticky":false,"template":"","format":"standard","meta":{"footnotes":""},"categories":[38],"tags":[],"class_list":["post-35626","post","type-post","status-publish","format-standard","has-post-thumbnail","hentry","category-portada-regional"],"_links":{"self":[{"href":"https:\/\/www.radioamigavallenar.cl\/index.php?rest_route=\/wp\/v2\/posts\/35626","targetHints":{"allow":["GET"]}}],"collection":[{"href":"https:\/\/www.radioamigavallenar.cl\/index.php?rest_route=\/wp\/v2\/posts"}],"about":[{"href":"https:\/\/www.radioamigavallenar.cl\/index.php?rest_route=\/wp\/v2\/types\/post"}],"author":[{"embeddable":true,"href":"https:\/\/www.radioamigavallenar.cl\/index.php?rest_route=\/wp\/v2\/users\/2"}],"replies":[{"embeddable":true,"href":"https:\/\/www.radioamigavallenar.cl\/index.php?rest_route=%2Fwp%2Fv2%2Fcomments&post=35626"}],"version-history":[{"count":1,"href":"https:\/\/www.radioamigavallenar.cl\/index.php?rest_route=\/wp\/v2\/posts\/35626\/revisions"}],"predecessor-version":[{"id":35628,"href":"https:\/\/www.radioamigavallenar.cl\/index.php?rest_route=\/wp\/v2\/posts\/35626\/revisions\/35628"}],"wp:featuredmedia":[{"embeddable":true,"href":"https:\/\/www.radioamigavallenar.cl\/index.php?rest_route=\/wp\/v2\/media\/35627"}],"wp:attachment":[{"href":"https:\/\/www.radioamigavallenar.cl\/index.php?rest_route=%2Fwp%2Fv2%2Fmedia&parent=35626"}],"wp:term":[{"taxonomy":"category","embeddable":true,"href":"https:\/\/www.radioamigavallenar.cl\/index.php?rest_route=%2Fwp%2Fv2%2Fcategories&post=35626"},{"taxonomy":"post_tag","embeddable":true,"href":"https:\/\/www.radioamigavallenar.cl\/index.php?rest_route=%2Fwp%2Fv2%2Ftags&post=35626"}],"curies":[{"name":"wp","href":"https:\/\/api.w.org\/{rel}","templated":true}]}}