{"id":35623,"date":"2021-02-05T10:47:23","date_gmt":"2021-02-05T13:47:23","guid":{"rendered":"https:\/\/www.radioamigavallenar.cl\/?p=35623"},"modified":"2021-02-05T10:47:23","modified_gmt":"2021-02-05T13:47:23","slug":"sujeto-con-reclusion-nocturna-fue-sorprendido-transitando-en-toque-de-queda-en-el-salvador","status":"publish","type":"post","link":"https:\/\/www.radioamigavallenar.cl\/?p=35623","title":{"rendered":"Sujeto con reclusi\u00f3n nocturna fue sorprendido transitando en toque de queda en el Salvador"},"content":{"rendered":"<p>Los servicios preventivos y de fiscalizaci\u00f3n desarrollados por Carabineros de la 4\u00aa Comisar\u00eda El Salvador durante el horario de toque de queda, permiti\u00f3 detener un sujeto que manten\u00eda una medida cautelar de reclusi\u00f3n nocturna.<\/p>\n<p>Los antecedentes entregados por el oficial de ronda, Capit\u00e1n Gonzalo Rebolledo, se\u00f1alan que el imputado con antecedentes penales por diversos delitos, al momento de su fiscalizaci\u00f3n no portaba ning\u00fan tipo de autorizaci\u00f3n.\u00a0En virtud a ello, Carabineros procedi\u00f3 a la detenci\u00f3n por infracci\u00f3n al art\u00edculo 318, del C\u00f3digo Sanitario. Asimismo, el personal policial pudo verificar que dicho individuo portaba al interior de un banano 10 cogollos y 15 envoltorios de marihuana, arrojando un peso de 31 gramos.<\/p>\n<p>Adem\u00e1s, el detenido de iniciales P.P.G.A de 29 a\u00f1os de edad,\u00a0 manten\u00eda una tobillera electr\u00f3nica por delitos cometidos, incumpliendo la cautelar de reclusi\u00f3n nocturna, pasando a control de detenci\u00f3n.<\/p>\n","protected":false},"excerpt":{"rendered":"<p>Los servicios preventivos y de fiscalizaci\u00f3n desarrollados por Carabineros de la 4\u00aa Comisar\u00eda El Salvador durante el horario de toque de queda, permiti\u00f3 detener un&hellip; <\/p>\n","protected":false},"author":2,"featured_media":35624,"comment_status":"open","ping_status":"closed","sticky":false,"template":"","format":"standard","meta":{"footnotes":""},"categories":[38],"tags":[],"class_list":["post-35623","post","type-post","status-publish","format-standard","has-post-thumbnail","hentry","category-portada-regional"],"_links":{"self":[{"href":"https:\/\/www.radioamigavallenar.cl\/index.php?rest_route=\/wp\/v2\/posts\/35623","targetHints":{"allow":["GET"]}}],"collection":[{"href":"https:\/\/www.radioamigavallenar.cl\/index.php?rest_route=\/wp\/v2\/posts"}],"about":[{"href":"https:\/\/www.radioamigavallenar.cl\/index.php?rest_route=\/wp\/v2\/types\/post"}],"author":[{"embeddable":true,"href":"https:\/\/www.radioamigavallenar.cl\/index.php?rest_route=\/wp\/v2\/users\/2"}],"replies":[{"embeddable":true,"href":"https:\/\/www.radioamigavallenar.cl\/index.php?rest_route=%2Fwp%2Fv2%2Fcomments&post=35623"}],"version-history":[{"count":1,"href":"https:\/\/www.radioamigavallenar.cl\/index.php?rest_route=\/wp\/v2\/posts\/35623\/revisions"}],"predecessor-version":[{"id":35625,"href":"https:\/\/www.radioamigavallenar.cl\/index.php?rest_route=\/wp\/v2\/posts\/35623\/revisions\/35625"}],"wp:featuredmedia":[{"embeddable":true,"href":"https:\/\/www.radioamigavallenar.cl\/index.php?rest_route=\/wp\/v2\/media\/35624"}],"wp:attachment":[{"href":"https:\/\/www.radioamigavallenar.cl\/index.php?rest_route=%2Fwp%2Fv2%2Fmedia&parent=35623"}],"wp:term":[{"taxonomy":"category","embeddable":true,"href":"https:\/\/www.radioamigavallenar.cl\/index.php?rest_route=%2Fwp%2Fv2%2Fcategories&post=35623"},{"taxonomy":"post_tag","embeddable":true,"href":"https:\/\/www.radioamigavallenar.cl\/index.php?rest_route=%2Fwp%2Fv2%2Ftags&post=35623"}],"curies":[{"name":"wp","href":"https:\/\/api.w.org\/{rel}","templated":true}]}}