{"id":35621,"date":"2021-02-05T08:49:11","date_gmt":"2021-02-05T11:49:11","guid":{"rendered":"https:\/\/www.radioamigavallenar.cl\/?p=35621"},"modified":"2021-02-05T08:49:11","modified_gmt":"2021-02-05T11:49:11","slug":"camioneros-si-el-gobierno-no-actua-ante-ataques-nos-tomaremos-carreteras","status":"publish","type":"post","link":"https:\/\/www.radioamigavallenar.cl\/?p=35621","title":{"rendered":"Camioneros: Si el Gobierno no act\u00faa ante ataques nos tomaremos carreteras"},"content":{"rendered":"<p>Tras una violenta semana para el gremio en La Araucan\u00eda, el l\u00edder de la Fedesur, Jos\u00e9 Villagr\u00e1n, dijo a Cooperativa haber pedido reuni\u00f3n con el Presidente para pedirle que intervenga.<\/p>\n<p>\u00abAqu\u00ed se terminaron los plazos; si no reaccionan en forma inmediata de aqu\u00ed a la pr\u00f3xima semana, vamos a actuar\u00bb, asegur\u00f3.<\/p>\n<p>Tras una seguidilla de\u00a0<strong>ataques incendiarios contra camioneros\u00a0en La Araucan\u00eda<\/strong>, el presidente de la Federaci\u00f3n de Due\u00f1os de Camiones del Sur (Fedesur),\u00a0<strong>Jos\u00e9 Villagr\u00e1n<\/strong>,\u00a0<strong>amenaz\u00f3 con nuevas movilizaciones<\/strong>\u00a0del gremio\u00a0<strong>si no hay acciones desde el Gobierno<\/strong>.<\/p>\n<p>\u00abSi el Presidente de la Rep\u00fablica no toma las medidas que corresponden, nosotros como Fedesur<strong>\u00a0vamos a actuar, y no tom\u00e1ndonos las bermas, sino que tom\u00e1ndonos las carreteras<\/strong>\u00ab, enfatiz\u00f3.<\/p>\n<p>Seg\u00fan Villagr\u00e1n, durante su reuni\u00f3n de la v\u00edspera con el intendente V\u00edctor Manoli, demand\u00f3\u00a0<strong>reunirse de forma \u00aburgente\u00bb con el Presidente Sebasti\u00e1n Pi\u00f1era<\/strong>\u00a0para pedirle una intervenci\u00f3n m\u00e1s directa en la zona.<\/p>\n<p>\u00abNo necesitamos m\u00e1s Carabineros, ni m\u00e1s helic\u00f3pteros, ni m\u00e1s dinero para ellos, si no que solucionar el problema.\u00a0<strong>Este es un problema pol\u00edtico y lo tiene que arreglar el Presidente de la Rep\u00fablica<\/strong>\u00ab, puntualiz\u00f3.<\/p>\n","protected":false},"excerpt":{"rendered":"<p>Tras una violenta semana para el gremio en La Araucan\u00eda, el l\u00edder de la Fedesur, Jos\u00e9 Villagr\u00e1n, dijo a Cooperativa haber pedido reuni\u00f3n con el&hellip; <\/p>\n","protected":false},"author":2,"featured_media":30508,"comment_status":"open","ping_status":"closed","sticky":false,"template":"","format":"standard","meta":{"footnotes":""},"categories":[37],"tags":[],"class_list":["post-35621","post","type-post","status-publish","format-standard","has-post-thumbnail","hentry","category-nacional"],"_links":{"self":[{"href":"https:\/\/www.radioamigavallenar.cl\/index.php?rest_route=\/wp\/v2\/posts\/35621","targetHints":{"allow":["GET"]}}],"collection":[{"href":"https:\/\/www.radioamigavallenar.cl\/index.php?rest_route=\/wp\/v2\/posts"}],"about":[{"href":"https:\/\/www.radioamigavallenar.cl\/index.php?rest_route=\/wp\/v2\/types\/post"}],"author":[{"embeddable":true,"href":"https:\/\/www.radioamigavallenar.cl\/index.php?rest_route=\/wp\/v2\/users\/2"}],"replies":[{"embeddable":true,"href":"https:\/\/www.radioamigavallenar.cl\/index.php?rest_route=%2Fwp%2Fv2%2Fcomments&post=35621"}],"version-history":[{"count":1,"href":"https:\/\/www.radioamigavallenar.cl\/index.php?rest_route=\/wp\/v2\/posts\/35621\/revisions"}],"predecessor-version":[{"id":35622,"href":"https:\/\/www.radioamigavallenar.cl\/index.php?rest_route=\/wp\/v2\/posts\/35621\/revisions\/35622"}],"wp:featuredmedia":[{"embeddable":true,"href":"https:\/\/www.radioamigavallenar.cl\/index.php?rest_route=\/wp\/v2\/media\/30508"}],"wp:attachment":[{"href":"https:\/\/www.radioamigavallenar.cl\/index.php?rest_route=%2Fwp%2Fv2%2Fmedia&parent=35621"}],"wp:term":[{"taxonomy":"category","embeddable":true,"href":"https:\/\/www.radioamigavallenar.cl\/index.php?rest_route=%2Fwp%2Fv2%2Fcategories&post=35621"},{"taxonomy":"post_tag","embeddable":true,"href":"https:\/\/www.radioamigavallenar.cl\/index.php?rest_route=%2Fwp%2Fv2%2Ftags&post=35621"}],"curies":[{"name":"wp","href":"https:\/\/api.w.org\/{rel}","templated":true}]}}