{"id":35618,"date":"2021-02-05T08:46:42","date_gmt":"2021-02-05T11:46:42","guid":{"rendered":"https:\/\/www.radioamigavallenar.cl\/?p=35618"},"modified":"2021-02-05T08:46:42","modified_gmt":"2021-02-05T11:46:42","slug":"partidos-politicos-cuestionan-limite-de-gasto-electoral-fijado-por-servel-supera-los-6-mil-millones","status":"publish","type":"post","link":"https:\/\/www.radioamigavallenar.cl\/?p=35618","title":{"rendered":"Partidos pol\u00edticos cuestionan l\u00edmite de gasto electoral fijado por Servel: supera los 6 mil millones"},"content":{"rendered":"<p>Los candidatos podr\u00e1n gastar hasta\u00a0<strong>un poco m\u00e1s de 6 mil 644 millones de pesos<\/strong>\u00a0en el caso de una primera vuelta presidencial seg\u00fan el l\u00edmite del gasto electoral para los comicios de noviembre de este a\u00f1o, fijados por el Servicio Electoral y publicados por el Diario Oficial.<\/p>\n<p>En caso de existir una segunda vuelta, la cifra supera los 4 mil 281 millones de pesos.<\/p>\n<p>Con respecto a senadores y diputados, depender\u00e1 de la circunscripci\u00f3n y distrito, respectivamente. En la circunscripci\u00f3n senatorial 7, de la Regi\u00f3n Metropolitana, el l\u00edmite es el m\u00e1s alto con\u00a0<strong>m\u00e1s de mil 820 millones de pesos<\/strong>. El m\u00e1s bajo es en Ays\u00e9n, con poco menos de 100 millones.<\/p>\n<p>M\u00e1s de 475 millones es el m\u00e1s alto en el distrito 8, en la capital, y el m\u00e1s bajo la Ant\u00e1rtica, que supera por poco el mill\u00f3n de pesos.<\/p>\n<p>Cifras que fueron cuestionadas por partidos pol\u00edticos, que creen que\u00a0<strong>no se ajustan a la realidad nacional en medio de la pandemia<\/strong>. La presidenta de Convergencia Social, Alondra Arellano, asegur\u00f3 que es inaceptable que los montos sean tan altos, teniendo en cuenta la crisis econ\u00f3mica por la que est\u00e1n pasando los hogares chilenos.<\/p>\n<p>El secretario general del PPD, Sebasti\u00e1n Vergara, tambi\u00e9n cree que son n\u00fameros altos, y declar\u00f3 que el compromiso del partido es realizar\u00a0<strong>campa\u00f1as austeras<\/strong>\u00a0y concentrarlas por redes sociales.<\/p>\n<p>Mismo compromiso expres\u00f3 el secretario general de Renovaci\u00f3n Nacional, Jos\u00e9 Miguel Arellano, quien reiter\u00f3 lo excesivo de los montos y la tarea que tienen los partidos en hacer campa\u00f1as moderadas.<\/p>\n<p>Paralelamente, este mi\u00e9rcoles 10 de febrero comienza el per\u00edodo oficial de campa\u00f1as para las elecciones de abril pr\u00f3ximo, entre ellas, de la Convenci\u00f3n Constitucional.<\/p>\n","protected":false},"excerpt":{"rendered":"<p>Los candidatos podr\u00e1n gastar hasta\u00a0un poco m\u00e1s de 6 mil 644 millones de pesos\u00a0en el caso de una primera vuelta presidencial seg\u00fan el l\u00edmite del&hellip; <\/p>\n","protected":false},"author":2,"featured_media":35619,"comment_status":"open","ping_status":"closed","sticky":false,"template":"","format":"standard","meta":{"footnotes":""},"categories":[37],"tags":[],"class_list":["post-35618","post","type-post","status-publish","format-standard","has-post-thumbnail","hentry","category-nacional"],"_links":{"self":[{"href":"https:\/\/www.radioamigavallenar.cl\/index.php?rest_route=\/wp\/v2\/posts\/35618","targetHints":{"allow":["GET"]}}],"collection":[{"href":"https:\/\/www.radioamigavallenar.cl\/index.php?rest_route=\/wp\/v2\/posts"}],"about":[{"href":"https:\/\/www.radioamigavallenar.cl\/index.php?rest_route=\/wp\/v2\/types\/post"}],"author":[{"embeddable":true,"href":"https:\/\/www.radioamigavallenar.cl\/index.php?rest_route=\/wp\/v2\/users\/2"}],"replies":[{"embeddable":true,"href":"https:\/\/www.radioamigavallenar.cl\/index.php?rest_route=%2Fwp%2Fv2%2Fcomments&post=35618"}],"version-history":[{"count":1,"href":"https:\/\/www.radioamigavallenar.cl\/index.php?rest_route=\/wp\/v2\/posts\/35618\/revisions"}],"predecessor-version":[{"id":35620,"href":"https:\/\/www.radioamigavallenar.cl\/index.php?rest_route=\/wp\/v2\/posts\/35618\/revisions\/35620"}],"wp:featuredmedia":[{"embeddable":true,"href":"https:\/\/www.radioamigavallenar.cl\/index.php?rest_route=\/wp\/v2\/media\/35619"}],"wp:attachment":[{"href":"https:\/\/www.radioamigavallenar.cl\/index.php?rest_route=%2Fwp%2Fv2%2Fmedia&parent=35618"}],"wp:term":[{"taxonomy":"category","embeddable":true,"href":"https:\/\/www.radioamigavallenar.cl\/index.php?rest_route=%2Fwp%2Fv2%2Fcategories&post=35618"},{"taxonomy":"post_tag","embeddable":true,"href":"https:\/\/www.radioamigavallenar.cl\/index.php?rest_route=%2Fwp%2Fv2%2Ftags&post=35618"}],"curies":[{"name":"wp","href":"https:\/\/api.w.org\/{rel}","templated":true}]}}