{"id":35614,"date":"2021-02-05T08:20:53","date_gmt":"2021-02-05T11:20:53","guid":{"rendered":"https:\/\/www.radioamigavallenar.cl\/?p=35614"},"modified":"2021-02-05T08:39:45","modified_gmt":"2021-02-05T11:39:45","slug":"detenido-sujeto-que-lanzo-petardos-cerca-de-la-carcel-de-vallenar","status":"publish","type":"post","link":"https:\/\/www.radioamigavallenar.cl\/?p=35614","title":{"rendered":"Detenido sujeto que lanz\u00f3 petardos cerca de la c\u00e1rcel de Vallenar"},"content":{"rendered":"<p>Detectives de la PDI de Vallenar detuvieron a un sujeto mayor de edad, de nacionalidad chilena, por Infracci\u00f3n a la Ley de Drogas. Aquello luego que el fiscal de turno\u00a0 instruyera investigar un hecho denunciado por funcionarios del Centro Penitenciario de esa comuna, quienes indicaban que sujetos desconocidos habr\u00edan efectuado disparos en contra de la garita del centro penal, detectives se abocaron a realizar diversas diligencias logrando determinar el veh\u00edculo utilizado para el il\u00edcito.<\/p>\n<p>Con la informaci\u00f3n obtenida y en coordinaci\u00f3n con la Fiscal\u00eda, se concurri\u00f3 hasta un domicilio donde el autom\u00f3vil investigado se encontraba estacionado en la v\u00eda p\u00fablica, por lo que luego de solicitar la orden de entrada y registro, se ingres\u00f3 al inmueble hallando al imputado quien se dio a la fuga lanzando 7 envoltorios de nylon contenedores de droga,\u00a0 encontrando adem\u00e1s una planta de cannabis de m\u00e1s de un 1 metro de altura, manifestando\u00a0 que la droga era de su propiedad.<\/p>\n<p>Sobre los hechos denunciados por Gendarmer\u00eda, el sujeto indic\u00f3 que junto a dos personas m\u00e1s, lanzaron petardos en una casa que se ubica al costado de la c\u00e1rcel no teniendo la intenci\u00f3n de atacar a dicho centro penal. Informados los hechos al fiscal a cargo de la investigaci\u00f3n, instruy\u00f3 que el sujeto quedase a disposici\u00f3n del Juzgado de Garant\u00eda para el control de detenci\u00f3n correspondiente.<\/p>\n","protected":false},"excerpt":{"rendered":"<p>Detectives de la PDI de Vallenar detuvieron a un sujeto mayor de edad, de nacionalidad chilena, por Infracci\u00f3n a la Ley de Drogas. Aquello luego&hellip; <\/p>\n","protected":false},"author":2,"featured_media":29940,"comment_status":"open","ping_status":"closed","sticky":false,"template":"","format":"standard","meta":{"footnotes":""},"categories":[7],"tags":[],"class_list":["post-35614","post","type-post","status-publish","format-standard","has-post-thumbnail","hentry","category-atacama"],"_links":{"self":[{"href":"https:\/\/www.radioamigavallenar.cl\/index.php?rest_route=\/wp\/v2\/posts\/35614","targetHints":{"allow":["GET"]}}],"collection":[{"href":"https:\/\/www.radioamigavallenar.cl\/index.php?rest_route=\/wp\/v2\/posts"}],"about":[{"href":"https:\/\/www.radioamigavallenar.cl\/index.php?rest_route=\/wp\/v2\/types\/post"}],"author":[{"embeddable":true,"href":"https:\/\/www.radioamigavallenar.cl\/index.php?rest_route=\/wp\/v2\/users\/2"}],"replies":[{"embeddable":true,"href":"https:\/\/www.radioamigavallenar.cl\/index.php?rest_route=%2Fwp%2Fv2%2Fcomments&post=35614"}],"version-history":[{"count":1,"href":"https:\/\/www.radioamigavallenar.cl\/index.php?rest_route=\/wp\/v2\/posts\/35614\/revisions"}],"predecessor-version":[{"id":35615,"href":"https:\/\/www.radioamigavallenar.cl\/index.php?rest_route=\/wp\/v2\/posts\/35614\/revisions\/35615"}],"wp:featuredmedia":[{"embeddable":true,"href":"https:\/\/www.radioamigavallenar.cl\/index.php?rest_route=\/wp\/v2\/media\/29940"}],"wp:attachment":[{"href":"https:\/\/www.radioamigavallenar.cl\/index.php?rest_route=%2Fwp%2Fv2%2Fmedia&parent=35614"}],"wp:term":[{"taxonomy":"category","embeddable":true,"href":"https:\/\/www.radioamigavallenar.cl\/index.php?rest_route=%2Fwp%2Fv2%2Fcategories&post=35614"},{"taxonomy":"post_tag","embeddable":true,"href":"https:\/\/www.radioamigavallenar.cl\/index.php?rest_route=%2Fwp%2Fv2%2Ftags&post=35614"}],"curies":[{"name":"wp","href":"https:\/\/api.w.org\/{rel}","templated":true}]}}