{"id":35611,"date":"2021-02-05T08:20:07","date_gmt":"2021-02-05T11:20:07","guid":{"rendered":"https:\/\/www.radioamigavallenar.cl\/?p=35611"},"modified":"2021-02-05T08:36:18","modified_gmt":"2021-02-05T11:36:18","slug":"minvu-y-fosis-lanzan-programa-de-apoyo-a-familias-de-14-campamentos-en-atacama","status":"publish","type":"post","link":"https:\/\/www.radioamigavallenar.cl\/?p=35611","title":{"rendered":"MINVU y FOSIS lanzan programa de apoyo a familias de 14 campamentos en Atacama"},"content":{"rendered":"<p>El Ministerio de Vivienda y Urbanismo (MINVU) junto al Fondo de Solidaridad e Inversi\u00f3n Social (FOSIS) realizaron el lanzamiento del Programa \u201cAcci\u00f3n en Campamentos\u201d, jornada que cont\u00f3 con la participaci\u00f3n de vecinos y vecinas de Vista Hermosa en Copiap\u00f3, iniciativa generada a trav\u00e9s de un convenio nacional entre ambas instituciones de Gobierno. El programa tiene por prop\u00f3sito aportar a que las familias de campamentos superen su situaci\u00f3n de vulnerabilidad social y habitacional.<\/p>\n<p>Al respecto, el\u00a0<a>Director Regional (s) del Servicio de Vivienda y Urbanizaci\u00f3n (SERVIU), Luis Rivera<\/a>; explic\u00f3 que \u201cla importancia de este programa es que est\u00e1 apuntado a las personas m\u00e1s que a la parte material, f\u00edsica de una vivienda, que es el principal objetivo. As\u00ed que la idea es fortalecer a las personas, sus capacidades, para que cuando tengan este beneficio, puedan aprovecharlo de la mejor forma. El \u00e9xito del programa es que esa persona ocupe su vivienda y no tenga que volver al campamento, pero sobre todo que cuando est\u00e9 en una nueva poblaci\u00f3n, barrio o condominio, tenga una muy buena calidad de vida\u201d.<\/p>\n<p>Por su parte, y en esa l\u00ednea, la Directora Regional del FOSIS, Mar\u00eda Teresa Ca\u00f1as; expres\u00f3: \u201cComo Servicio, nosotros somos la avanzada, el primer paso para trabajar junto a las familias y cuando llegue la soluci\u00f3n de vivienda definitiva, las personas hayan superado algunos problemas que les impida seguir avanzando. Se intervendr\u00e1n 14 campamentos que son priorizados por MINVU para ser intervenidos a trav\u00e9s de este programa piloto. Trabajaremos con las familias directamente haciendo un diagn\u00f3stico social para apoyarlos en 3 pilares fundamentales que son la habitabilidad, vulnerabilidad e integraci\u00f3n social\u201d, explic\u00f3.<\/p>\n<div class=\"code-block code-block-3\"><\/div>\n<p><strong>EL CONVENIO:<\/strong><\/p>\n<p>El MINVU y FOSIS firmaron un convenio a nivel nacional para transferir $3.100 millones al FOSIS para que implemente el programa Acci\u00f3n en Campamentos en 83 asentamientos del pa\u00eds. Destacar que son 14 campamentos que ser\u00e1n intervenidos en las comunas de Copiap\u00f3, Vallenar, Cha\u00f1aral y Diego de Almagro, llegando a m\u00e1s de 600 familias en la Regi\u00f3n de Atacama.<\/p>\n<p>Por su parte, una de las vecinas del campamento Vista Hermosa del sector Borgo\u00f1o, \u00c1gueda Garc\u00eda, se\u00f1al\u00f3 que \u201cestamos bien agradecidos por esta iniciativa que ha tomado MINVU y FOSIS. Para nosotros en el comit\u00e9 esto ha sido bien favorable, y tenemos que participar para nos podamos favorecer a futuro\u201d.<\/p>\n<p><strong>EL PROGRAMA:<\/strong><\/p>\n<p>El programa cuenta con 2 fases de trabajo. La primera, considera la realizaci\u00f3n de un diagn\u00f3stico familiar, comunitario y habitacional para definir la estrategia de radicaci\u00f3n o relocalizaci\u00f3n del campamento y la elaboraci\u00f3n de un Plan de Trabajo Familiar \u2013 Comunitario; mientras que la segunda etapa abordar\u00e1 el compromiso de las familias con la vivienda definitiva, para aquellas que cumplen con los requisitos, o con la alternativa que se defina durante el programa, para las familias que no los cumplan. El Plan de Intervenci\u00f3n Comunitario y Familiar elaborado en la Fase 1 se adecuar\u00e1 a la estrategia establecida por el MINVU para cada familia.<\/p>\n<p>La focalizaci\u00f3n del programa prioriza campamentos que no han tenido intervenci\u00f3n del MINVU y que requieren una estrategia para su proceso de cierre, para que las familias transiten desde el campamento hacia la vivienda definitiva como parte de una comunidad cohesionada y capacitada para enfrentar emergencias y necesidades.<\/p>\n","protected":false},"excerpt":{"rendered":"<p>El Ministerio de Vivienda y Urbanismo (MINVU) junto al Fondo de Solidaridad e Inversi\u00f3n Social (FOSIS) realizaron el lanzamiento del Programa \u201cAcci\u00f3n en Campamentos\u201d, jornada&hellip; <\/p>\n","protected":false},"author":2,"featured_media":35612,"comment_status":"open","ping_status":"closed","sticky":false,"template":"","format":"standard","meta":{"footnotes":""},"categories":[7],"tags":[],"class_list":["post-35611","post","type-post","status-publish","format-standard","has-post-thumbnail","hentry","category-atacama"],"_links":{"self":[{"href":"https:\/\/www.radioamigavallenar.cl\/index.php?rest_route=\/wp\/v2\/posts\/35611","targetHints":{"allow":["GET"]}}],"collection":[{"href":"https:\/\/www.radioamigavallenar.cl\/index.php?rest_route=\/wp\/v2\/posts"}],"about":[{"href":"https:\/\/www.radioamigavallenar.cl\/index.php?rest_route=\/wp\/v2\/types\/post"}],"author":[{"embeddable":true,"href":"https:\/\/www.radioamigavallenar.cl\/index.php?rest_route=\/wp\/v2\/users\/2"}],"replies":[{"embeddable":true,"href":"https:\/\/www.radioamigavallenar.cl\/index.php?rest_route=%2Fwp%2Fv2%2Fcomments&post=35611"}],"version-history":[{"count":1,"href":"https:\/\/www.radioamigavallenar.cl\/index.php?rest_route=\/wp\/v2\/posts\/35611\/revisions"}],"predecessor-version":[{"id":35613,"href":"https:\/\/www.radioamigavallenar.cl\/index.php?rest_route=\/wp\/v2\/posts\/35611\/revisions\/35613"}],"wp:featuredmedia":[{"embeddable":true,"href":"https:\/\/www.radioamigavallenar.cl\/index.php?rest_route=\/wp\/v2\/media\/35612"}],"wp:attachment":[{"href":"https:\/\/www.radioamigavallenar.cl\/index.php?rest_route=%2Fwp%2Fv2%2Fmedia&parent=35611"}],"wp:term":[{"taxonomy":"category","embeddable":true,"href":"https:\/\/www.radioamigavallenar.cl\/index.php?rest_route=%2Fwp%2Fv2%2Fcategories&post=35611"},{"taxonomy":"post_tag","embeddable":true,"href":"https:\/\/www.radioamigavallenar.cl\/index.php?rest_route=%2Fwp%2Fv2%2Ftags&post=35611"}],"curies":[{"name":"wp","href":"https:\/\/api.w.org\/{rel}","templated":true}]}}