{"id":35603,"date":"2021-02-05T08:17:45","date_gmt":"2021-02-05T11:17:45","guid":{"rendered":"https:\/\/www.radioamigavallenar.cl\/?p=35603"},"modified":"2021-02-05T08:17:45","modified_gmt":"2021-02-05T11:17:45","slug":"con-apoyo-de-prodemu-e-indap-floricultoras-vendieron-mas-de-2-000-liliums-durante-la-pandemia","status":"publish","type":"post","link":"https:\/\/www.radioamigavallenar.cl\/?p=35603","title":{"rendered":"Con apoyo de PRODEMU e INDAP Floricultoras vendieron m\u00e1s de 2.000 liliums durante la pandemia"},"content":{"rendered":"<div><strong>La agrupaci\u00f3n busca consolidar su emprendimiento y ampliar sus horizontes de cobertura.\u00a0<\/strong><\/div>\n<div><\/div>\n<div>La directora regional de PRODEMU, Johanna Fern\u00e1ndez Rodr\u00edguez, constat\u00f3 en terreno el trabajo que ha realizado la agrupaci\u00f3n \u00abLilium de Esperanza\u00bb de la localidad Piedra Colgada, de Copiap\u00f3 y valor\u00f3 el esfuerzo de sus integrantes, quienes a pesar de la pandemia han logrado vender m\u00e1s de 2.000 liliums a la fecha.<\/div>\n<div><\/div>\n<div>Esta agrupaci\u00f3n de floricultoras esta compuesta por cinco integrantes y comenz\u00f3 a recibir apoyo a fines del a\u00f1o 2019, a trav\u00e9s del programa \u00abMujeres Rurales\u00bb (convenio de colaboraci\u00f3n entre PRODEMU e INDAP).<\/div>\n<div><\/div>\n<div>Tras conocer la realidad y el trabajo de la agrupaci\u00f3n en terreno, la directora regional de PRODEMU, Johanna Fern\u00e1ndez Rodr\u00edguez, afirm\u00f3 que \u00ablas mujeres de Atacama son trabajadoras, esforzadas, responsables, creativas y admirables, pero no siempre tienen la oportunidad de recibir apoyo. En este marco, nuestra Primera Dama Cecilia Morel y nuestra directora nacional Paola Diez, nos han mandatado apoyar a la mayor cantidad de atacame\u00f1as posibles con nuestra oferta de PRODEMU y tambi\u00e9n a trav\u00e9s de nuestros convenios de colaboraci\u00f3n. Es el caso de las integrantes de la agrupaci\u00f3n \u2018Lilium de Esperanza\u2019 que ha pesar de la pandemia y con todos los resguardos sanitarios respectivos, lograron producir y vender centenares de liliums el a\u00f1o pasado\u00bb.<\/div>\n<div><\/div>\n<div>\u00abYo quiero felicitarlas porque est\u00e1n desarrollando con \u00e9xito el programa \u2018Mujeres Rurales\u2019, cuya duraci\u00f3n, por cierto, consta de tres a\u00f1os. El primero ya lo ejecutaron de manera eficiente, el segundo lo est\u00e1n desarrollando y ya proyectan su tercer a\u00f1o con mucha fuerza. Me han contado que prontamente trabajar\u00e1n con claveles, por lo tanto, el llamado es a toda la comunidad de Atacama, particularmente de Tierra Amarilla, Copiap\u00f3 y Caldera a preferir el emprendimiento local, valorar nuestro sentido de identidad cultural y contactar a estas incre\u00edbles mujeres que ofrecen productos de calidad, hermosos y que marcan la diferencia\u00bb, agreg\u00f3 Rodr\u00edguez Fern\u00e1ndez.<\/div>\n<div><\/div>\n<div>Por su parte, Sylvia Tamblay, representante de la agrupaci\u00f3n Lilium de Esperanza (Piedra Colgada \u2013 Copiap\u00f3) argument\u00f3 que \u00abeste grupo se form\u00f3 con el financiamiento de PRODEMU e INDAP con un tremendo apoyo en capacitaci\u00f3n en diferentes \u00e1reas, tales como empoderamiento personal, gesti\u00f3n organizacional, emprendimiento y capacitaci\u00f3n t\u00e9cnica. En esta \u00faltima estamos trabajando actualmente, es decir, en la plantaci\u00f3n y venta de liliums y claveles\u00bb.<\/div>\n<div><\/div>\n<div>\u00abPara nosotras este fue un gran desaf\u00edo, ya que en el lugar donde tenemos el sombreadero, no cuenta con acceso directo al agua. Nuestro cultivo es a base h\u00eddrica con sistema de goteo. Esto no ha sido un obst\u00e1culo porque nuestras ventas han sido buenas a pesar de la pandemia. A la fecha hemos vendido aproximadamente 2.000 liliums considerando que iniciamos este proyecto el a\u00f1o 2019. En diciembre plantamos claveles y esperamos venderlos prontamente. Este a\u00f1o queremos seguir trabajando y consolidarnos con nuestro emprendimiento con el objetivo de ampliar nuestros horizontes de cobertura\u00bb, concluy\u00f3 Tamblay.<\/div>\n<div><\/div>\n<div style=\"text-align: center;\"><strong>\u00bfC\u00f3mo obtener liliums?\u00a0<\/strong><\/div>\n<div><\/div>\n<div>Para conocer, cotizar, adquirir o regalar los liliums m\u00e1s hermosos de Copiap\u00f3, con una gran variedad de colores y tama\u00f1os, usted se puede contactar a los celulares (tambi\u00e9n v\u00eda WhatsApp) de Sylvia +56941513014; Ver\u00f3nica +56995111760 y Ana +56958957941, o tambi\u00e9n al correo:\u00a0<a href=\"mailto:sylvia.jeannettet@gmail.com\">sylvia.jeannettet@gmail.com<\/a><\/div>\n","protected":false},"excerpt":{"rendered":"<p>La agrupaci\u00f3n busca consolidar su emprendimiento y ampliar sus horizontes de cobertura.\u00a0 La directora regional de PRODEMU, Johanna Fern\u00e1ndez Rodr\u00edguez, constat\u00f3 en terreno el trabajo&hellip; <\/p>\n","protected":false},"author":2,"featured_media":35604,"comment_status":"open","ping_status":"closed","sticky":false,"template":"","format":"standard","meta":{"footnotes":""},"categories":[7],"tags":[],"class_list":["post-35603","post","type-post","status-publish","format-standard","has-post-thumbnail","hentry","category-atacama"],"_links":{"self":[{"href":"https:\/\/www.radioamigavallenar.cl\/index.php?rest_route=\/wp\/v2\/posts\/35603","targetHints":{"allow":["GET"]}}],"collection":[{"href":"https:\/\/www.radioamigavallenar.cl\/index.php?rest_route=\/wp\/v2\/posts"}],"about":[{"href":"https:\/\/www.radioamigavallenar.cl\/index.php?rest_route=\/wp\/v2\/types\/post"}],"author":[{"embeddable":true,"href":"https:\/\/www.radioamigavallenar.cl\/index.php?rest_route=\/wp\/v2\/users\/2"}],"replies":[{"embeddable":true,"href":"https:\/\/www.radioamigavallenar.cl\/index.php?rest_route=%2Fwp%2Fv2%2Fcomments&post=35603"}],"version-history":[{"count":1,"href":"https:\/\/www.radioamigavallenar.cl\/index.php?rest_route=\/wp\/v2\/posts\/35603\/revisions"}],"predecessor-version":[{"id":35605,"href":"https:\/\/www.radioamigavallenar.cl\/index.php?rest_route=\/wp\/v2\/posts\/35603\/revisions\/35605"}],"wp:featuredmedia":[{"embeddable":true,"href":"https:\/\/www.radioamigavallenar.cl\/index.php?rest_route=\/wp\/v2\/media\/35604"}],"wp:attachment":[{"href":"https:\/\/www.radioamigavallenar.cl\/index.php?rest_route=%2Fwp%2Fv2%2Fmedia&parent=35603"}],"wp:term":[{"taxonomy":"category","embeddable":true,"href":"https:\/\/www.radioamigavallenar.cl\/index.php?rest_route=%2Fwp%2Fv2%2Fcategories&post=35603"},{"taxonomy":"post_tag","embeddable":true,"href":"https:\/\/www.radioamigavallenar.cl\/index.php?rest_route=%2Fwp%2Fv2%2Ftags&post=35603"}],"curies":[{"name":"wp","href":"https:\/\/api.w.org\/{rel}","templated":true}]}}