{"id":35597,"date":"2021-02-05T06:00:46","date_gmt":"2021-02-05T09:00:46","guid":{"rendered":"https:\/\/www.radioamigavallenar.cl\/?p=35597"},"modified":"2021-02-04T20:51:57","modified_gmt":"2021-02-04T23:51:57","slug":"minera-candelaria-recertifico-su-sistema-de-gestion-ambiental-ante-la-norma-iso-14001-2015","status":"publish","type":"post","link":"https:\/\/www.radioamigavallenar.cl\/?p=35597","title":{"rendered":"Minera Candelaria recertific\u00f3 su Sistema de Gesti\u00f3n Ambiental ante la Norma ISO 14001-2015"},"content":{"rendered":"<p>Un nuevo e importante hito logr\u00f3 el equipo de trabajo de Minera Candelaria al obtener la recertificaci\u00f3n de su Sistema de Gesti\u00f3n Ambiental (SGA) basado en la Norma ISO 14.001-2015.<\/p>\n<p>Esto, luego de la auditor\u00eda de recertificaci\u00f3n que se realiz\u00f3 entre el 20 y 29 de enero pasado, que abarc\u00f3 a todas las \u00e1reas de este distrito minero (operaciones, mantenci\u00f3n, puerto, planta desalinizadora, minas subterr\u00e1neas y \u00e1reas administrativas, entre otras) y que en esta ocasi\u00f3n -debido a la contingencia sanitaria- se realiz\u00f3 en la modalidad online.<\/p>\n<p>En el curso de la reuni\u00f3n de cierre y luego de casi diez d\u00edas de trabajo, el equipo auditor perteneciente al organismo certificador internacional DNV, inform\u00f3 que se recomendar\u00e1 la recertificaci\u00f3n de todas las operaciones del Distrito Candelaria al superar con \u00e9xito la revisi\u00f3n y cumplimiento del SGA.<\/p>\n<p>Sergio Armstrong, presidente (I) de Minera Candelaria, valor\u00f3 este logro e indic\u00f3 que \u201cesta es una noticia que nos llena de orgullo. Felicitamos sinceramente a todo el equipo de trabajo de la compa\u00f1\u00eda y tambi\u00e9n a las empresas contratistas por su compromiso y rigurosidad con el cumplimiento de nuestro SGA. Este es un hecho que destac\u00f3 el equipo auditor y que refleja que nuestro sistema est\u00e1 consolidado y que el cuidado ambiental, al igual que la seguridad, est\u00e1 incorporado en cada uno de nosotros como un valor\u201d.<\/p>\n<p>Del mismo modo, Humberto Espejo, director de Salud, Seguridad y Medio Ambiente, agreg\u00f3 que \u201clos ciclos de certificaci\u00f3n tienen una vigencia de tres a\u00f1os y este correspondi\u00f3 a nuestro octavo proceso de recertificaci\u00f3n, desde la certificaci\u00f3n inicial en 1999. La contingencia sanitaria nos oblig\u00f3 a modificar la modalidad de trabajo, por eso que este proceso consider\u00f3 m\u00e1s d\u00edas de auditor\u00eda y fue 100% online, lo que resalta a\u00fan m\u00e1s la labor desarrollada por nuestro equipo\u201d.<\/p>\n<p>Cabe destacar que Candelaria fue la primera empresa minera del pa\u00eds que certific\u00f3 todas sus operaciones ante la norma ambiental ISO-14.001 en 1999. Hoy, casi 22 a\u00f1os despu\u00e9s, mantiene esa tradici\u00f3n de ser una empresa minera segura y ambientalmente responsable.<\/p>\n","protected":false},"excerpt":{"rendered":"<p>Un nuevo e importante hito logr\u00f3 el equipo de trabajo de Minera Candelaria al obtener la recertificaci\u00f3n de su Sistema de Gesti\u00f3n Ambiental (SGA) basado&hellip; <\/p>\n","protected":false},"author":2,"featured_media":35598,"comment_status":"open","ping_status":"closed","sticky":false,"template":"","format":"standard","meta":{"footnotes":""},"categories":[7],"tags":[],"class_list":["post-35597","post","type-post","status-publish","format-standard","has-post-thumbnail","hentry","category-atacama"],"_links":{"self":[{"href":"https:\/\/www.radioamigavallenar.cl\/index.php?rest_route=\/wp\/v2\/posts\/35597","targetHints":{"allow":["GET"]}}],"collection":[{"href":"https:\/\/www.radioamigavallenar.cl\/index.php?rest_route=\/wp\/v2\/posts"}],"about":[{"href":"https:\/\/www.radioamigavallenar.cl\/index.php?rest_route=\/wp\/v2\/types\/post"}],"author":[{"embeddable":true,"href":"https:\/\/www.radioamigavallenar.cl\/index.php?rest_route=\/wp\/v2\/users\/2"}],"replies":[{"embeddable":true,"href":"https:\/\/www.radioamigavallenar.cl\/index.php?rest_route=%2Fwp%2Fv2%2Fcomments&post=35597"}],"version-history":[{"count":1,"href":"https:\/\/www.radioamigavallenar.cl\/index.php?rest_route=\/wp\/v2\/posts\/35597\/revisions"}],"predecessor-version":[{"id":35599,"href":"https:\/\/www.radioamigavallenar.cl\/index.php?rest_route=\/wp\/v2\/posts\/35597\/revisions\/35599"}],"wp:featuredmedia":[{"embeddable":true,"href":"https:\/\/www.radioamigavallenar.cl\/index.php?rest_route=\/wp\/v2\/media\/35598"}],"wp:attachment":[{"href":"https:\/\/www.radioamigavallenar.cl\/index.php?rest_route=%2Fwp%2Fv2%2Fmedia&parent=35597"}],"wp:term":[{"taxonomy":"category","embeddable":true,"href":"https:\/\/www.radioamigavallenar.cl\/index.php?rest_route=%2Fwp%2Fv2%2Fcategories&post=35597"},{"taxonomy":"post_tag","embeddable":true,"href":"https:\/\/www.radioamigavallenar.cl\/index.php?rest_route=%2Fwp%2Fv2%2Ftags&post=35597"}],"curies":[{"name":"wp","href":"https:\/\/api.w.org\/{rel}","templated":true}]}}