{"id":35595,"date":"2021-02-05T06:00:09","date_gmt":"2021-02-05T09:00:09","guid":{"rendered":"https:\/\/www.radioamigavallenar.cl\/?p=35595"},"modified":"2021-02-04T20:50:00","modified_gmt":"2021-02-04T23:50:00","slug":"diputada-sofia-cid-exigio-mayor-control-fronterizo","status":"publish","type":"post","link":"https:\/\/www.radioamigavallenar.cl\/?p=35595","title":{"rendered":"Diputada Sof\u00eda Cid exigi\u00f3 mayor control fronterizo"},"content":{"rendered":"<p>La diputada Sof\u00eda Cid Versalovic, se adhiri\u00f3 a la solicitud que realizara su par, Jos\u00e9 Miguel Castro (RN) junto a otros parlamentarios, para exigir mayor control migratorio en Chile, luego que circulara en redes sociales un v\u00eddeo con tutorial donde se explica c\u00f3mo ingresar de forma ilegal al pa\u00eds.<\/p>\n<p>\u201cNo podemos seguir negando la crisis migratoria que tenemos en Chile, especialmente en las regiones del norte del pa\u00eds que representamos, situaci\u00f3n que cada vez es m\u00e1s compleja y que dejara consecuencias a la soberan\u00eda, seguridad y salubridad de nuestro pa\u00eds\u201d, recalc\u00f3.<\/p>\n<p>La parlamentaria expres\u00f3 que \u201cpodemos evidenciar como m\u00e1s de 14 mil personas han ingresado de manera clandestina al pa\u00eds y muchas de las acciones informadas no han quedado en m\u00e1s que anuncios, con limitados efectos reales de mayor control fronterizo y menos resultados concretos que evidencien una disminuci\u00f3n de los flujos existentes\u201d.<\/p>\n<p>\u201cEs lamentable que situaciones como estas se repitan a diario en nuestro pa\u00eds, vemos con preocupaci\u00f3n c\u00f3mo se juega con la vida de ni\u00f1os y adultos que viajan con sus familiares en una situaci\u00f3n infrahumana, cruzando pasos fronterizos ilegales, y ahora presenciamos este video que se ha viralizado en redes sociales, que explica sin escr\u00fapulos c\u00f3mo saltarse f\u00e1cilmente los controles fronterizos y entrar a Chile de forma ilegal\u201d, insisti\u00f3.<\/p>\n<p style=\"text-align: center;\"><strong>M\u00c1S CONTROLES<\/strong><\/p>\n<p>Por esta raz\u00f3n, la legisladora en su calidad de representante de la regi\u00f3n de Atacama, juntos a sus pares Jos\u00e9 Miguel Castro (RN) diputado por Antofagasta, Ram\u00f3n Galleguillos (RN), parlamentario por la regi\u00f3n de Iquique y Renzo Trisotti (UDi) por la regi\u00f3n de Tarapac\u00e1, solicitaron la expulsi\u00f3n de los inmigrantes identificados en el video, con car\u00e1cter inmediato. El requerimiento fue realizado por medio de una carta dirigida al Ministro de Relaciones Exteriores, Andr\u00e9s Allamand y al Ministro de Interior Rodrigo Delgado.<\/p>\n<p>En este sentido, la parlamentaria hizo un llamado a la oposici\u00f3n para destrabar la Ley de Migraciones del gobierno que actualmente est\u00e1 en el Tribunal Constitucional \u201cestancada\u201d ya que el TC acogi\u00f3 parcialmente el requerimiento de inconstitucionalidad presentado por la oposici\u00f3n en contra de algunos art\u00edculos del citado proyecto de ley.<\/p>\n<p>Asimismo, Cid agreg\u00f3 que \u201ces fundamental que trabajemos en el fortalecimiento de las fronteras y apoyemos las gestiones de las polic\u00edas en contra de la inmigraci\u00f3n ilegal y tr\u00e1fico de seres humanos; hoy vemos en las calles familias que se encuentran de manera ilegal en la regi\u00f3n, y esto no puede seguir pasando\u201d, termin\u00f3.<\/p>\n","protected":false},"excerpt":{"rendered":"<p>La diputada Sof\u00eda Cid Versalovic, se adhiri\u00f3 a la solicitud que realizara su par, Jos\u00e9 Miguel Castro (RN) junto a otros parlamentarios, para exigir mayor&hellip; <\/p>\n","protected":false},"author":2,"featured_media":33034,"comment_status":"open","ping_status":"closed","sticky":false,"template":"","format":"standard","meta":{"footnotes":""},"categories":[7],"tags":[],"class_list":["post-35595","post","type-post","status-publish","format-standard","has-post-thumbnail","hentry","category-atacama"],"_links":{"self":[{"href":"https:\/\/www.radioamigavallenar.cl\/index.php?rest_route=\/wp\/v2\/posts\/35595","targetHints":{"allow":["GET"]}}],"collection":[{"href":"https:\/\/www.radioamigavallenar.cl\/index.php?rest_route=\/wp\/v2\/posts"}],"about":[{"href":"https:\/\/www.radioamigavallenar.cl\/index.php?rest_route=\/wp\/v2\/types\/post"}],"author":[{"embeddable":true,"href":"https:\/\/www.radioamigavallenar.cl\/index.php?rest_route=\/wp\/v2\/users\/2"}],"replies":[{"embeddable":true,"href":"https:\/\/www.radioamigavallenar.cl\/index.php?rest_route=%2Fwp%2Fv2%2Fcomments&post=35595"}],"version-history":[{"count":1,"href":"https:\/\/www.radioamigavallenar.cl\/index.php?rest_route=\/wp\/v2\/posts\/35595\/revisions"}],"predecessor-version":[{"id":35596,"href":"https:\/\/www.radioamigavallenar.cl\/index.php?rest_route=\/wp\/v2\/posts\/35595\/revisions\/35596"}],"wp:featuredmedia":[{"embeddable":true,"href":"https:\/\/www.radioamigavallenar.cl\/index.php?rest_route=\/wp\/v2\/media\/33034"}],"wp:attachment":[{"href":"https:\/\/www.radioamigavallenar.cl\/index.php?rest_route=%2Fwp%2Fv2%2Fmedia&parent=35595"}],"wp:term":[{"taxonomy":"category","embeddable":true,"href":"https:\/\/www.radioamigavallenar.cl\/index.php?rest_route=%2Fwp%2Fv2%2Fcategories&post=35595"},{"taxonomy":"post_tag","embeddable":true,"href":"https:\/\/www.radioamigavallenar.cl\/index.php?rest_route=%2Fwp%2Fv2%2Ftags&post=35595"}],"curies":[{"name":"wp","href":"https:\/\/api.w.org\/{rel}","templated":true}]}}